{"id":27278,"date":"2020-05-19T18:35:52","date_gmt":"2020-05-19T22:35:52","guid":{"rendered":"https:\/\/opanlcom-cp6.wordpresstemporal.com\/JID\/?p=27278"},"modified":"2020-05-19T18:35:55","modified_gmt":"2020-05-19T22:35:55","slug":"jid-elige-nuevo-vicepresidente-del-consejo-de-delegados-y-vice-director-del-cid","status":"publish","type":"post","link":"https:\/\/jid.org\/en\/jid-elige-nuevo-vicepresidente-del-consejo-de-delegados-y-vice-director-del-cid\/","title":{"rendered":"JID elects new Vice President of the Council of Delegates and Vice-Director of the CID"},"content":{"rendered":"<p>Meeting 1421 of the Council of Delegates of the Inter-American Defense Board (IADB), held on May 19, 2020, introduced the history of this institution as the first meeting of the Council of Delegates held by videoconference. This historic event was possible due to the high professional level of the military personnel who work in this important international organization, which contributes to the continued success of the IADB with its noble mission.<\/p>\n\n\n\n<p>In addition, the new Vice President of the Council of Delegates and the Vice-Director of the Inter-American Defense College (CID) were also elected, respectively, <strong>Brigadier General (Ecuador) Jos\u00e9 Alfonso Gallardo Carmona <\/strong>and<strong> <\/strong>he<strong> Brigadeiro do Ar (Brazil) Leonardo Chaves Rodrigues<\/strong>.<\/p>\n\n\n\n<p>Therefore, the future Vice President of the Council of Delegates of the IADB will exercise his mandate from December 1, 2020 to November 30, 2021, and may be re-elected for another year; and the elected Vice Director of the CID will carry out his mission from December 1, 2020 to November 30, 2022.<\/p>\n\n\n\n<p>He <strong>Brigadier General Jos\u00e9 Alfonso Gallardo Carmona<\/strong> He is the current President of the Military Legislation Commission of the Ministry of National Defense of Ecuador. He was appointed Second Lieutenant of the Infantry weapon in 1985, he is part of the Special Forces System. In his military career, he was an instructor at military institutes in Ecuador and abroad, among which the \u201cEloy Alfaro\u201d Higher Military School and the Hemispheric Security Institute (WHINSEC) stand out.<\/p>\n\n\n\n<p>He performed relevant functions as a military field advisor to the President of the National Electoral Council and Military Observer of the Ecuador-Peru Military Observer Mission (MOMEP). He took special courses in Ecuador, Argentina, Colombia and the United States.<\/p>\n\n\n\n<p>He was Defense Attach\u00e9 and Military Advisor to the Permanent Mission of Ecuador to the United Nations in New York, United States.<\/p>\n\n\n\n<p>He has a Bachelor&#039;s Degree in Military Sciences, Commercial Engineer, Master in Planning and Strategic Management.<\/p>\n\n\n\n<p>In addition, he was the representative of Ecuador in different seminars and exercises in Canada, France, Chile and the United States.<\/p>\n\n\n\n<p>He <strong>Brigadeiro do Ar Leonardo Chaves Rodrigues<\/strong> He is a native of Rio de Janeiro \u2013 Brazil and currently commands ALA 9 of the Brazilian Air Force. He was appointed Second Lieutenant in 1992. In his military career, among other activities, he was Commander of the 6th Air Transport Squadron, Deputy Chief of the Planning Division of the General Staff Command, Vice President of the Airports Commission of the Amazon Region, Head of the Heritage and Environment Section of the 4th Deputy Chief of Staff of the Air Force and Chief of Staff of ALA 1 of the Brazilian Air Force.<\/p>\n\n\n\n<p>He has over 4,000 flight hours, flying several types of aircraft in his career. In addition, he has a Master&#039;s Degree in National Development and Defense, which was completed at the Center for Higher National Studies - CAEN in Lima-Peru; and MBA in Strategic People Management, completed at the Funda\u00e7\u00e3o Get\u00falio Vargas in Brasilia-Brazil.<\/p>\n\n\n\n<h3 class=\"has-text-align-center wp-block-heading\">Photos<\/h3>\n\n\n\n<figure class=\"wp-block-gallery columns-2 is-cropped wp-block-gallery-1 is-layout-flex wp-block-gallery-is-layout-flex\"><ul class=\"blocks-gallery-grid\"><li class=\"blocks-gallery-item\"><figure><a href=\"jid.org\/wp-content\/uploads\/2020\/05\/Reuniao-Ordinaria-1421-videoconferencia1.jpg\"><img fetchpriority=\"high\" decoding=\"async\" width=\"1024\" height=\"575\" src=\"jid.org\/wp-content\/uploads\/2020\/05\/Reuniao-Ordinaria-1421-videoconferencia1-1024x575.jpg\" alt=\"\" data-id=\"27279\" data-full-url=\"jid.org\/wp-content\/uploads\/2020\/05\/Reuniao-Ordinaria-1421-videoconferencia1.jpg\" data-link=\"jid.org\/?attachment_id=27279\" class=\"wp-image-27279\" srcset=\"https:\/\/jid.org\/wp-content\/uploads\/2020\/05\/Reuniao-Ordinaria-1421-videoconferencia1-1024x575.jpg 1024w, https:\/\/jid.org\/wp-content\/uploads\/2020\/05\/Reuniao-Ordinaria-1421-videoconferencia1-300x169.jpg 300w, https:\/\/jid.org\/wp-content\/uploads\/2020\/05\/Reuniao-Ordinaria-1421-videoconferencia1-768x431.jpg 768w, https:\/\/jid.org\/wp-content\/uploads\/2020\/05\/Reuniao-Ordinaria-1421-videoconferencia1-1536x863.jpg 1536w, https:\/\/jid.org\/wp-content\/uploads\/2020\/05\/Reuniao-Ordinaria-1421-videoconferencia1.jpg 1700w\" sizes=\"(max-width: 1024px) 100vw, 1024px\" \/><\/a><\/figure><\/li><li class=\"blocks-gallery-item\"><figure><a href=\"jid.org\/wp-content\/uploads\/2020\/05\/Reuniao-Ordinaria-1421-videoconferencia4.jpg\"><img decoding=\"async\" width=\"1024\" height=\"575\" src=\"jid.org\/wp-content\/uploads\/2020\/05\/Reuniao-Ordinaria-1421-videoconferencia4-1024x575.jpg\" alt=\"\" data-id=\"27282\" data-full-url=\"jid.org\/wp-content\/uploads\/2020\/05\/Reuniao-Ordinaria-1421-videoconferencia4.jpg\" data-link=\"jid.org\/?attachment_id=27282\" class=\"wp-image-27282\" srcset=\"https:\/\/jid.org\/wp-content\/uploads\/2020\/05\/Reuniao-Ordinaria-1421-videoconferencia4-1024x575.jpg 1024w, https:\/\/jid.org\/wp-content\/uploads\/2020\/05\/Reuniao-Ordinaria-1421-videoconferencia4-300x169.jpg 300w, https:\/\/jid.org\/wp-content\/uploads\/2020\/05\/Reuniao-Ordinaria-1421-videoconferencia4-768x431.jpg 768w, https:\/\/jid.org\/wp-content\/uploads\/2020\/05\/Reuniao-Ordinaria-1421-videoconferencia4-1536x863.jpg 1536w, https:\/\/jid.org\/wp-content\/uploads\/2020\/05\/Reuniao-Ordinaria-1421-videoconferencia4.jpg 1700w\" sizes=\"(max-width: 1024px) 100vw, 1024px\" \/><\/a><\/figure><\/li><li class=\"blocks-gallery-item\"><figure><a href=\"jid.org\/wp-content\/uploads\/2020\/05\/Reuniao-Ordinaria-1421-videoconferencia2.jpg\"><img decoding=\"async\" width=\"1024\" height=\"575\" src=\"jid.org\/wp-content\/uploads\/2020\/05\/Reuniao-Ordinaria-1421-videoconferencia2-1024x575.jpg\" alt=\"\" data-id=\"27280\" data-full-url=\"jid.org\/wp-content\/uploads\/2020\/05\/Reuniao-Ordinaria-1421-videoconferencia2.jpg\" data-link=\"jid.org\/?attachment_id=27280\" class=\"wp-image-27280\" srcset=\"https:\/\/jid.org\/wp-content\/uploads\/2020\/05\/Reuniao-Ordinaria-1421-videoconferencia2-1024x575.jpg 1024w, https:\/\/jid.org\/wp-content\/uploads\/2020\/05\/Reuniao-Ordinaria-1421-videoconferencia2-300x169.jpg 300w, https:\/\/jid.org\/wp-content\/uploads\/2020\/05\/Reuniao-Ordinaria-1421-videoconferencia2-768x431.jpg 768w, https:\/\/jid.org\/wp-content\/uploads\/2020\/05\/Reuniao-Ordinaria-1421-videoconferencia2-1536x863.jpg 1536w, https:\/\/jid.org\/wp-content\/uploads\/2020\/05\/Reuniao-Ordinaria-1421-videoconferencia2.jpg 1700w\" sizes=\"(max-width: 1024px) 100vw, 1024px\" \/><\/a><\/figure><\/li><li class=\"blocks-gallery-item\"><figure><a href=\"jid.org\/wp-content\/uploads\/2020\/05\/Reuniao-Ordinaria-1421-videoconferencia3.jpg\"><img loading=\"lazy\" decoding=\"async\" width=\"1024\" height=\"575\" src=\"jid.org\/wp-content\/uploads\/2020\/05\/Reuniao-Ordinaria-1421-videoconferencia3-1024x575.jpg\" alt=\"\" data-id=\"27281\" data-full-url=\"jid.org\/wp-content\/uploads\/2020\/05\/Reuniao-Ordinaria-1421-videoconferencia3.jpg\" data-link=\"jid.org\/?attachment_id=27281\" class=\"wp-image-27281\" srcset=\"https:\/\/jid.org\/wp-content\/uploads\/2020\/05\/Reuniao-Ordinaria-1421-videoconferencia3-1024x575.jpg 1024w, https:\/\/jid.org\/wp-content\/uploads\/2020\/05\/Reuniao-Ordinaria-1421-videoconferencia3-300x169.jpg 300w, https:\/\/jid.org\/wp-content\/uploads\/2020\/05\/Reuniao-Ordinaria-1421-videoconferencia3-768x431.jpg 768w, https:\/\/jid.org\/wp-content\/uploads\/2020\/05\/Reuniao-Ordinaria-1421-videoconferencia3-1536x863.jpg 1536w, https:\/\/jid.org\/wp-content\/uploads\/2020\/05\/Reuniao-Ordinaria-1421-videoconferencia3.jpg 1700w\" sizes=\"(max-width: 1024px) 100vw, 1024px\" \/><\/a><\/figure><\/li><\/ul><\/figure>","protected":false},"excerpt":{"rendered":"<p>Meeting 1421 of the Council of Delegates of the Inter-American Defense Board (IADB), held on May 19, 2020, introduced the history of this institution as the first meeting of the Council of Delegates held by videoconference. This historic event was possible due to the high professional level of the soldiers who work in this [\u2026]<\/p>","protected":false},"author":28,"featured_media":27283,"comment_status":"closed","ping_status":"closed","sticky":false,"template":"","format":"standard","meta":{"footnotes":""},"categories":[13],"tags":[],"destacado":[],"class_list":["post-27278","post","type-post","status-publish","format-standard","has-post-thumbnail","hentry","category-noticias"],"_links":{"self":[{"href":"https:\/\/jid.org\/en\/wp-json\/wp\/v2\/posts\/27278","targetHints":{"allow":["GET"]}}],"collection":[{"href":"https:\/\/jid.org\/en\/wp-json\/wp\/v2\/posts"}],"about":[{"href":"https:\/\/jid.org\/en\/wp-json\/wp\/v2\/types\/post"}],"author":[{"embeddable":true,"href":"https:\/\/jid.org\/en\/wp-json\/wp\/v2\/users\/28"}],"replies":[{"embeddable":true,"href":"https:\/\/jid.org\/en\/wp-json\/wp\/v2\/comments?post=27278"}],"version-history":[{"count":0,"href":"https:\/\/jid.org\/en\/wp-json\/wp\/v2\/posts\/27278\/revisions"}],"wp:featuredmedia":[{"embeddable":true,"href":"https:\/\/jid.org\/en\/wp-json\/wp\/v2\/media\/27283"}],"wp:attachment":[{"href":"https:\/\/jid.org\/en\/wp-json\/wp\/v2\/media?parent=27278"}],"wp:term":[{"taxonomy":"category","embeddable":true,"href":"https:\/\/jid.org\/en\/wp-json\/wp\/v2\/categories?post=27278"},{"taxonomy":"post_tag","embeddable":true,"href":"https:\/\/jid.org\/en\/wp-json\/wp\/v2\/tags?post=27278"},{"taxonomy":"destacado","embeddable":true,"href":"https:\/\/jid.org\/en\/wp-json\/wp\/v2\/destacado?post=27278"}],"curies":[{"name":"wp","href":"https:\/\/api.w.org\/{rel}","templated":true}]}}