{"id":32393,"date":"2021-10-26T14:09:00","date_gmt":"2021-10-26T18:09:00","guid":{"rendered":"https:\/\/opanlcom-cp6.wordpresstemporal.com\/JID\/?p=32393"},"modified":"2021-10-27T10:37:12","modified_gmt":"2021-10-27T14:37:12","slug":"viaje-del-presidente-del-consejo-de-delegados-de-la-jid-a-ecuador","status":"publish","type":"post","link":"https:\/\/jid.org\/en\/viaje-del-presidente-del-consejo-de-delegados-de-la-jid-a-ecuador\/","title":{"rendered":"Trip of the President of the Council of Delegates of the IADB to Ecuador"},"content":{"rendered":"<p>From October 18 to 22, 2021, the VIII Inter-American Naval Conference Specialized in Science, Technology and Innovation (VIII CNIE CT&amp;I) was held in the city of Salinas, Ecuador. The Inter-American Defense Board was represented by the President of the Council of Delegates, Vice Admiral Alexandre Rabello de Faria, who had the opportunity to present the topic: &quot;The technological challenges for the execution of the permanent observation programs of the Inter-American Defense Board&quot; . The meeting also served a positive agenda of interests of the IADB, through protocol visits in the city of Guayaquil to the General Commander of the Ecuadorian Navy, Rear Admiral Br\u00famel V\u00e1zquez Berm\u00fadez; and in the city of Quito to the Chief of the Joint Command of the Armed Forces, Vice Admiral Jorge Cabrera Espinosa; to the Institute of Higher National Studies (IAEN) and the University of the Armed Forces (ESPE).<\/p>\n\n\n\n<figure class=\"wp-block-gallery columns-1 is-cropped wp-block-gallery-1 is-layout-flex wp-block-gallery-is-layout-flex\"><ul class=\"blocks-gallery-grid\"><li class=\"blocks-gallery-item\"><figure><img fetchpriority=\"high\" decoding=\"async\" width=\"838\" height=\"1024\" src=\"jid.org\/wp-content\/uploads\/2021\/10\/1-838x1024.jpg\" alt=\"\" data-id=\"32395\" data-full-url=\"jid.org\/wp-content\/uploads\/2021\/10\/1.jpg\" data-link=\"jid.org\/?attachment_id=32395\" class=\"wp-image-32395\" srcset=\"https:\/\/jid.org\/wp-content\/uploads\/2021\/10\/1-838x1024.jpg 838w, https:\/\/jid.org\/wp-content\/uploads\/2021\/10\/1-246x300.jpg 246w, https:\/\/jid.org\/wp-content\/uploads\/2021\/10\/1-768x938.jpg 768w, https:\/\/jid.org\/wp-content\/uploads\/2021\/10\/1-1258x1536.jpg 1258w, https:\/\/jid.org\/wp-content\/uploads\/2021\/10\/1.jpg 1310w\" sizes=\"(max-width: 838px) 100vw, 838px\" \/><figcaption class=\"blocks-gallery-item__caption\">Visit to the General Commander of the Ecuadorian Navy, Rear Admiral Br\u00famel V\u00e1zquez Berm\u00fadez<\/figcaption><\/figure><\/li><\/ul><\/figure>\n\n\n\n<figure class=\"wp-block-gallery columns-1 is-cropped wp-block-gallery-2 is-layout-flex wp-block-gallery-is-layout-flex\"><ul class=\"blocks-gallery-grid\"><li class=\"blocks-gallery-item\"><figure><img decoding=\"async\" width=\"640\" height=\"481\" src=\"jid.org\/wp-content\/uploads\/2021\/10\/2.jpg\" alt=\"\" data-id=\"32396\" data-full-url=\"jid.org\/wp-content\/uploads\/2021\/10\/2.jpg\" data-link=\"jid.org\/?attachment_id=32396\" class=\"wp-image-32396\" srcset=\"https:\/\/jid.org\/wp-content\/uploads\/2021\/10\/2.jpg 640w, https:\/\/jid.org\/wp-content\/uploads\/2021\/10\/2-300x225.jpg 300w\" sizes=\"(max-width: 640px) 100vw, 640px\" \/><figcaption class=\"blocks-gallery-item__caption\">Meeting with the Chief of the Joint Command of the Beloved Forces, Vice Admiral Jorge Cabrera Espinosa<\/figcaption><\/figure><\/li><\/ul><\/figure>\n\n\n\n<figure class=\"wp-block-gallery columns-1 is-cropped wp-block-gallery-3 is-layout-flex wp-block-gallery-is-layout-flex\"><ul class=\"blocks-gallery-grid\"><li class=\"blocks-gallery-item\"><figure><img decoding=\"async\" width=\"1024\" height=\"887\" src=\"jid.org\/wp-content\/uploads\/2021\/10\/3.jpg\" alt=\"\" data-id=\"32397\" data-full-url=\"jid.org\/wp-content\/uploads\/2021\/10\/3.jpg\" data-link=\"jid.org\/?attachment_id=32397\" class=\"wp-image-32397\" srcset=\"https:\/\/jid.org\/wp-content\/uploads\/2021\/10\/3.jpg 1024w, https:\/\/jid.org\/wp-content\/uploads\/2021\/10\/3-300x260.jpg 300w, https:\/\/jid.org\/wp-content\/uploads\/2021\/10\/3-768x665.jpg 768w\" sizes=\"(max-width: 1024px) 100vw, 1024px\" \/><figcaption class=\"blocks-gallery-item__caption\">Visit to the Institute of Higher National Studies (IAEN)<\/figcaption><\/figure><\/li><\/ul><\/figure>\n\n\n\n<figure class=\"wp-block-gallery columns-1 is-cropped wp-block-gallery-4 is-layout-flex wp-block-gallery-is-layout-flex\"><ul class=\"blocks-gallery-grid\"><li class=\"blocks-gallery-item\"><figure><img loading=\"lazy\" decoding=\"async\" width=\"1024\" height=\"699\" src=\"jid.org\/wp-content\/uploads\/2021\/10\/4.jpg\" alt=\"\" data-id=\"32398\" data-full-url=\"jid.org\/wp-content\/uploads\/2021\/10\/4.jpg\" data-link=\"jid.org\/?attachment_id=32398\" class=\"wp-image-32398\" srcset=\"https:\/\/jid.org\/wp-content\/uploads\/2021\/10\/4.jpg 1024w, https:\/\/jid.org\/wp-content\/uploads\/2021\/10\/4-300x205.jpg 300w, https:\/\/jid.org\/wp-content\/uploads\/2021\/10\/4-768x524.jpg 768w, https:\/\/jid.org\/wp-content\/uploads\/2021\/10\/4-130x90.jpg 130w\" sizes=\"(max-width: 1024px) 100vw, 1024px\" \/><figcaption class=\"blocks-gallery-item__caption\">Visit to the ESPE (University of the Armed Forces of Ecuador)<\/figcaption><\/figure><\/li><\/ul><\/figure>","protected":false},"excerpt":{"rendered":"<p>From October 18 to 22, 2021, the VIII Inter-American Naval Conference Specialized in Science, Technology and Innovation (VIII CNIE CT&amp;I) was held in the city of Salinas, Ecuador. The Inter-American Defense Board was represented by the President of the Council of Delegates, Vice Admiral Alexandre Rabello de Faria, who had the opportunity to present [\u2026]<\/p>","protected":false},"author":18,"featured_media":32394,"comment_status":"closed","ping_status":"closed","sticky":false,"template":"","format":"standard","meta":{"footnotes":""},"categories":[13],"tags":[],"destacado":[],"class_list":["post-32393","post","type-post","status-publish","format-standard","has-post-thumbnail","hentry","category-noticias"],"_links":{"self":[{"href":"https:\/\/jid.org\/en\/wp-json\/wp\/v2\/posts\/32393","targetHints":{"allow":["GET"]}}],"collection":[{"href":"https:\/\/jid.org\/en\/wp-json\/wp\/v2\/posts"}],"about":[{"href":"https:\/\/jid.org\/en\/wp-json\/wp\/v2\/types\/post"}],"author":[{"embeddable":true,"href":"https:\/\/jid.org\/en\/wp-json\/wp\/v2\/users\/18"}],"replies":[{"embeddable":true,"href":"https:\/\/jid.org\/en\/wp-json\/wp\/v2\/comments?post=32393"}],"version-history":[{"count":0,"href":"https:\/\/jid.org\/en\/wp-json\/wp\/v2\/posts\/32393\/revisions"}],"wp:featuredmedia":[{"embeddable":true,"href":"https:\/\/jid.org\/en\/wp-json\/wp\/v2\/media\/32394"}],"wp:attachment":[{"href":"https:\/\/jid.org\/en\/wp-json\/wp\/v2\/media?parent=32393"}],"wp:term":[{"taxonomy":"category","embeddable":true,"href":"https:\/\/jid.org\/en\/wp-json\/wp\/v2\/categories?post=32393"},{"taxonomy":"post_tag","embeddable":true,"href":"https:\/\/jid.org\/en\/wp-json\/wp\/v2\/tags?post=32393"},{"taxonomy":"destacado","embeddable":true,"href":"https:\/\/jid.org\/en\/wp-json\/wp\/v2\/destacado?post=32393"}],"curies":[{"name":"wp","href":"https:\/\/api.w.org\/{rel}","templated":true}]}}