{"id":35535,"date":"2022-10-12T11:48:26","date_gmt":"2022-10-12T15:48:26","guid":{"rendered":"https:\/\/opanlcom-cp6.wordpresstemporal.com\/JID\/?p=35535"},"modified":"2022-10-12T11:48:29","modified_gmt":"2022-10-12T15:48:29","slug":"visita-del-colegio-interamericano-de-defensa","status":"publish","type":"post","link":"https:\/\/jid.org\/en\/visita-del-colegio-interamericano-de-defensa\/","title":{"rendered":"Visit of the Inter-American Defense College"},"content":{"rendered":"<p>On October 12, the President of the Council of Delegates, Vice Admiral Alexandre Rabello de Faria and the Director General of the IADB Secretariat, Brigadier General Porfirio Fuentes V\u00e9lez, received the Deputy Director of the Inter-American Defense College (CID), Brigadier Ar Leonardo Chaves Rodrigues and the Chief of Studies of the CID, Brigadier General DEM Jorge Ram\u00edrez Z\u00fa\u00f1iga.<\/p>\n\n\n\n<p>The visit to the Casa del Soldado was made up of 20 teachers and staff, as well as 68 students from class 62 of the CID from 14 countries in the Americas. On the occasion, the President of the Council of Delegates, Vice Admiral Rabello, addressed the hemispheric defense scenario in the common agendas of the member countries of the Organization of American States, as it is a topic of great importance for the objectives of the course that is currently are developing.<\/p>\n\n\n\n<figure class=\"wp-block-image size-large\"><img fetchpriority=\"high\" decoding=\"async\" width=\"1024\" height=\"535\" src=\"jid.org\/wp-content\/uploads\/2022\/10\/IMAGE1-12-1024x535.jpg\" alt=\"\" class=\"wp-image-35537\" srcset=\"https:\/\/jid.org\/wp-content\/uploads\/2022\/10\/IMAGE1-12-1024x535.jpg 1024w, https:\/\/jid.org\/wp-content\/uploads\/2022\/10\/IMAGE1-12-300x157.jpg 300w, https:\/\/jid.org\/wp-content\/uploads\/2022\/10\/IMAGE1-12-768x401.jpg 768w, https:\/\/jid.org\/wp-content\/uploads\/2022\/10\/IMAGE1-12-390x205.jpg 390w, https:\/\/jid.org\/wp-content\/uploads\/2022\/10\/IMAGE1-12.jpg 1280w\" sizes=\"(max-width: 1024px) 100vw, 1024px\" \/><\/figure>\n\n\n\n<figure class=\"wp-block-image size-large\"><img decoding=\"async\" width=\"1024\" height=\"602\" src=\"jid.org\/wp-content\/uploads\/2022\/10\/IMAGE2-12-1024x602.jpg\" alt=\"\" class=\"wp-image-35538\" srcset=\"https:\/\/jid.org\/wp-content\/uploads\/2022\/10\/IMAGE2-12-1024x602.jpg 1024w, https:\/\/jid.org\/wp-content\/uploads\/2022\/10\/IMAGE2-12-300x176.jpg 300w, https:\/\/jid.org\/wp-content\/uploads\/2022\/10\/IMAGE2-12-768x452.jpg 768w, https:\/\/jid.org\/wp-content\/uploads\/2022\/10\/IMAGE2-12.jpg 1280w\" sizes=\"(max-width: 1024px) 100vw, 1024px\" \/><\/figure>\n\n\n\n<figure class=\"wp-block-image size-large\"><img decoding=\"async\" width=\"1024\" height=\"768\" src=\"jid.org\/wp-content\/uploads\/2022\/10\/IMAGE3-9-1024x768.jpg\" alt=\"\" class=\"wp-image-35539\" srcset=\"https:\/\/jid.org\/wp-content\/uploads\/2022\/10\/IMAGE3-9-1024x768.jpg 1024w, https:\/\/jid.org\/wp-content\/uploads\/2022\/10\/IMAGE3-9-300x225.jpg 300w, https:\/\/jid.org\/wp-content\/uploads\/2022\/10\/IMAGE3-9-768x576.jpg 768w, https:\/\/jid.org\/wp-content\/uploads\/2022\/10\/IMAGE3-9.jpg 1280w\" sizes=\"(max-width: 1024px) 100vw, 1024px\" \/><\/figure>\n\n\n\n<figure class=\"wp-block-image size-large\"><img loading=\"lazy\" decoding=\"async\" width=\"1024\" height=\"768\" src=\"jid.org\/wp-content\/uploads\/2022\/10\/IMAGE4-3-1024x768.jpg\" alt=\"\" class=\"wp-image-35540\" srcset=\"https:\/\/jid.org\/wp-content\/uploads\/2022\/10\/IMAGE4-3-1024x768.jpg 1024w, https:\/\/jid.org\/wp-content\/uploads\/2022\/10\/IMAGE4-3-300x225.jpg 300w, https:\/\/jid.org\/wp-content\/uploads\/2022\/10\/IMAGE4-3-768x576.jpg 768w, https:\/\/jid.org\/wp-content\/uploads\/2022\/10\/IMAGE4-3.jpg 1280w\" sizes=\"(max-width: 1024px) 100vw, 1024px\" \/><\/figure>","protected":false},"excerpt":{"rendered":"<p>On October 12, the President of the Council of Delegates, Vice Admiral Alexandre Rabello de Faria and the Director General of the IADB Secretariat, Brigadier General Porfirio Fuentes V\u00e9lez, received the Deputy Director of the Inter-American Defense College (CID), Brigadier Ar Leonardo Chaves Rodrigues and the Head of Studies of the CID, Brigadier General [\u2026]<\/p>","protected":false},"author":18,"featured_media":35536,"comment_status":"closed","ping_status":"closed","sticky":false,"template":"","format":"standard","meta":{"footnotes":""},"categories":[13],"tags":[],"destacado":[],"class_list":["post-35535","post","type-post","status-publish","format-standard","has-post-thumbnail","hentry","category-noticias"],"_links":{"self":[{"href":"https:\/\/jid.org\/en\/wp-json\/wp\/v2\/posts\/35535","targetHints":{"allow":["GET"]}}],"collection":[{"href":"https:\/\/jid.org\/en\/wp-json\/wp\/v2\/posts"}],"about":[{"href":"https:\/\/jid.org\/en\/wp-json\/wp\/v2\/types\/post"}],"author":[{"embeddable":true,"href":"https:\/\/jid.org\/en\/wp-json\/wp\/v2\/users\/18"}],"replies":[{"embeddable":true,"href":"https:\/\/jid.org\/en\/wp-json\/wp\/v2\/comments?post=35535"}],"version-history":[{"count":1,"href":"https:\/\/jid.org\/en\/wp-json\/wp\/v2\/posts\/35535\/revisions"}],"predecessor-version":[{"id":35541,"href":"https:\/\/jid.org\/en\/wp-json\/wp\/v2\/posts\/35535\/revisions\/35541"}],"wp:featuredmedia":[{"embeddable":true,"href":"https:\/\/jid.org\/en\/wp-json\/wp\/v2\/media\/35536"}],"wp:attachment":[{"href":"https:\/\/jid.org\/en\/wp-json\/wp\/v2\/media?parent=35535"}],"wp:term":[{"taxonomy":"category","embeddable":true,"href":"https:\/\/jid.org\/en\/wp-json\/wp\/v2\/categories?post=35535"},{"taxonomy":"post_tag","embeddable":true,"href":"https:\/\/jid.org\/en\/wp-json\/wp\/v2\/tags?post=35535"},{"taxonomy":"destacado","embeddable":true,"href":"https:\/\/jid.org\/en\/wp-json\/wp\/v2\/destacado?post=35535"}],"curies":[{"name":"wp","href":"https:\/\/api.w.org\/{rel}","templated":true}]}}