{"id":36553,"date":"2023-01-04T11:18:09","date_gmt":"2023-01-04T16:18:09","guid":{"rendered":"https:\/\/opanlcom-cp6.wordpresstemporal.com\/JID\/?p=36553"},"modified":"2023-01-04T11:28:11","modified_gmt":"2023-01-04T16:28:11","slug":"paso-de-mando-del-gati-co","status":"publish","type":"post","link":"https:\/\/jid.org\/en\/paso-de-mando-del-gati-co\/","title":{"rendered":"GATI-CO Control Step"},"content":{"rendered":"<p>On December 15, 2022, the ceremony for the passing of command of the Head of the Group of Inter-American Technical Advisors in Colombia (GATI-CO) of Lieutenant Colonel CL\u00c1UDIO SANTOS was held. <strong>BISHOP<\/strong> to Lieutenant Colonel R\u00d4MULO FABIANO PACHECO<strong> RAV\u00c1ZIO<\/strong>.<\/p>\n\n\n\n<p>The military ceremony took place at the facilities of the Engineer Command (COING) of the National Army of the Republic of Colombia, and was chaired virtually by the Director General of the Secretariat of the Inter-American Defense Board, Brigadier General <strong>PORFIRIO FUENTES V\u00c9LEZ<\/strong>. They participated in person, Colonel <strong>JUAN CARLOS MAR\u00cdN HURTADO<\/strong>, Delegate Inspector of Demining of the General Inspection of the Military Forces, Colonel of the Brazilian Army <strong>ANDR\u00c9 MENDON\u00c7A SIQUEIRA<\/strong>, Defense and Army Attach\u00e9 of Brazil, in Colombia and military authorities of the Military Organizations of the Colombian National Army.<\/p>\n\n\n\n<figure class=\"wp-block-image size-large\"><img fetchpriority=\"high\" decoding=\"async\" width=\"1024\" height=\"683\" src=\"jid.org\/wp-content\/uploads\/2023\/01\/Foto1-1024x683.jpg\" alt=\"\" class=\"wp-image-36555\" srcset=\"https:\/\/jid.org\/wp-content\/uploads\/2023\/01\/Foto1-1024x683.jpg 1024w, https:\/\/jid.org\/wp-content\/uploads\/2023\/01\/Foto1-300x200.jpg 300w, https:\/\/jid.org\/wp-content\/uploads\/2023\/01\/Foto1-768x512.jpg 768w, https:\/\/jid.org\/wp-content\/uploads\/2023\/01\/Foto1-1536x1024.jpg 1536w, https:\/\/jid.org\/wp-content\/uploads\/2023\/01\/Foto1-2048x1365.jpg 2048w\" sizes=\"(max-width: 1024px) 100vw, 1024px\" \/><\/figure>\n\n\n\n<figure class=\"wp-block-image size-large\"><img decoding=\"async\" width=\"960\" height=\"720\" src=\"jid.org\/wp-content\/uploads\/2023\/01\/FOTO-2-3.jpg\" alt=\"\" class=\"wp-image-36558\" srcset=\"https:\/\/jid.org\/wp-content\/uploads\/2023\/01\/FOTO-2-3.jpg 960w, https:\/\/jid.org\/wp-content\/uploads\/2023\/01\/FOTO-2-3-300x225.jpg 300w, https:\/\/jid.org\/wp-content\/uploads\/2023\/01\/FOTO-2-3-768x576.jpg 768w\" sizes=\"(max-width: 960px) 100vw, 960px\" \/><\/figure>","protected":false},"excerpt":{"rendered":"<p>On December 15, 2022, the ceremony of passing of command of the Head of the Group of Inter-American Technical Advisors in Colombia (GATI-CO) from Lieutenant Colonel CL\u00c1UDIO SANTOS BISPO to Lieutenant Colonel R\u00d4MULO FABIANO PACHECO RAV\u00c1ZIO was held. The military ceremony took place at the facilities of the Engineer Command (COING) of the [\u2026]<\/p>","protected":false},"author":18,"featured_media":36554,"comment_status":"closed","ping_status":"closed","sticky":false,"template":"","format":"standard","meta":{"footnotes":""},"categories":[13],"tags":[],"destacado":[],"class_list":["post-36553","post","type-post","status-publish","format-standard","has-post-thumbnail","hentry","category-noticias"],"_links":{"self":[{"href":"https:\/\/jid.org\/en\/wp-json\/wp\/v2\/posts\/36553","targetHints":{"allow":["GET"]}}],"collection":[{"href":"https:\/\/jid.org\/en\/wp-json\/wp\/v2\/posts"}],"about":[{"href":"https:\/\/jid.org\/en\/wp-json\/wp\/v2\/types\/post"}],"author":[{"embeddable":true,"href":"https:\/\/jid.org\/en\/wp-json\/wp\/v2\/users\/18"}],"replies":[{"embeddable":true,"href":"https:\/\/jid.org\/en\/wp-json\/wp\/v2\/comments?post=36553"}],"version-history":[{"count":2,"href":"https:\/\/jid.org\/en\/wp-json\/wp\/v2\/posts\/36553\/revisions"}],"predecessor-version":[{"id":36559,"href":"https:\/\/jid.org\/en\/wp-json\/wp\/v2\/posts\/36553\/revisions\/36559"}],"wp:featuredmedia":[{"embeddable":true,"href":"https:\/\/jid.org\/en\/wp-json\/wp\/v2\/media\/36554"}],"wp:attachment":[{"href":"https:\/\/jid.org\/en\/wp-json\/wp\/v2\/media?parent=36553"}],"wp:term":[{"taxonomy":"category","embeddable":true,"href":"https:\/\/jid.org\/en\/wp-json\/wp\/v2\/categories?post=36553"},{"taxonomy":"post_tag","embeddable":true,"href":"https:\/\/jid.org\/en\/wp-json\/wp\/v2\/tags?post=36553"},{"taxonomy":"destacado","embeddable":true,"href":"https:\/\/jid.org\/en\/wp-json\/wp\/v2\/destacado?post=36553"}],"curies":[{"name":"wp","href":"https:\/\/api.w.org\/{rel}","templated":true}]}}