{"id":4006,"date":"2019-04-26T12:13:19","date_gmt":"2019-04-26T16:13:19","guid":{"rendered":"https:\/\/opanlcom-cp6.wordpresstemporal.com\/JID\/?p=4006"},"modified":"2019-04-26T12:21:18","modified_gmt":"2019-04-26T16:21:18","slug":"el-general-luis-rodriguez-bucio-entrega-la-presidencia-del-consejo-de-delegados-de-la-jid","status":"publish","type":"post","link":"https:\/\/jid.org\/en\/el-general-luis-rodriguez-bucio-entrega-la-presidencia-del-consejo-de-delegados-de-la-jid\/","title":{"rendered":"General Luis Rodr\u00edguez Bucio hands over the Presidency of the Council of Delegates of the IADB"},"content":{"rendered":"<p>On April 23, during the Ordinary Meeting No. 1411 and in accordance with the Statute and Regulations of the Inter-American Defense Board and the Council of Delegates, Brigadier General DEM Luis Rodr\u00edguez Bucio handed over the responsibilities of the Presidency of the Council of Delegates to Brigadier General Carlos Humberto Casta\u00f1eda Nassi, Vice President of the Council of Delegates, ending his management at the head of this OAS Entity.<\/p>\n<p>For this reason, the leadership of the Inter-American Defense Board presented the IADB Medal for the outstanding services provided to this Board, endorsing the appreciation of the Council of Delegates, the Inter-American Defense College and the IADB Secretariat, in recognition of his great leadership, brilliant career and invaluable contribution to the Inter-American Defense System.<\/p>\n<p>During the event, important personalities, professors and diplomatic authorities were present, highlighting the presence of Their Excellencies, Ambassador Jorge Lom\u00f3naco Tonda, Permanent Representative of Mexico to the OAS; Ambassador of Mexico to the USA, Martha B\u00e1rcena Coqui; Ambassador Rita Claverie D\u00edaz de Sciolli, Permanent Representative of Guatemala to the OAS; Ambassador Riyad Insanally, Permanent Representative of Guyana to the OAS and the Former Ambassadors of Mexico to the White House, Arturo Sarukhan Casamitjana and Ger\u00f3nimo Guti\u00e9rrez Fern\u00e1ndez.<\/p>\n<p>General Rodr\u00edguez Bucio thanked all the members of the Inter-American Defense Board and its collaborators and strategic partners for the tribute and recognition, in addition to corresponding recognition in his new responsibility as command of the Mexican National Guard, a new instrument of the Mexican State in charge of crime prevention, the preservation of public safety and the fight against crime throughout the Mexican Republic.<\/p>\n<p>Likewise, he thanked the very high distinction, permanent collaboration and constant support of the IADB bodies during his management, which is why the role of the Inter-American Defense Board was strengthened within the Organization of American States and of the Inter-American Defense System itself, wishing him the best of the future.<\/p>\n<h3 style=\"text-align: center\">Photos<\/h3>\n<div id='gallery-1' class='gallery galleryid-4006 gallery-columns-3 gallery-size-large'><figure class='gallery-item'>\n\t\t\t<div class='gallery-icon landscape'>\n\t\t\t\t<a href='https:\/\/jid.org\/wp-content\/uploads\/2019\/04\/despedida_gralBucio_07.jpg'><img fetchpriority=\"high\" decoding=\"async\" width=\"799\" height=\"481\" src=\"https:\/\/jid.org\/wp-content\/uploads\/2019\/04\/despedida_gralBucio_07.jpg\" class=\"attachment-large size-large\" alt=\"\" srcset=\"https:\/\/jid.org\/wp-content\/uploads\/2019\/04\/despedida_gralBucio_07.jpg 799w, https:\/\/jid.org\/wp-content\/uploads\/2019\/04\/despedida_gralBucio_07-300x181.jpg 300w, https:\/\/jid.org\/wp-content\/uploads\/2019\/04\/despedida_gralBucio_07-768x462.jpg 768w\" sizes=\"(max-width: 799px) 100vw, 799px\" \/><\/a>\n\t\t\t<\/div><\/figure><figure class='gallery-item'>\n\t\t\t<div class='gallery-icon landscape'>\n\t\t\t\t<a href='https:\/\/jid.org\/wp-content\/uploads\/2019\/04\/despedida_gralBucio_04.jpg'><img decoding=\"async\" width=\"800\" height=\"481\" src=\"https:\/\/jid.org\/wp-content\/uploads\/2019\/04\/despedida_gralBucio_04.jpg\" class=\"attachment-large size-large\" alt=\"\" srcset=\"https:\/\/jid.org\/wp-content\/uploads\/2019\/04\/despedida_gralBucio_04.jpg 800w, https:\/\/jid.org\/wp-content\/uploads\/2019\/04\/despedida_gralBucio_04-300x180.jpg 300w, https:\/\/jid.org\/wp-content\/uploads\/2019\/04\/despedida_gralBucio_04-768x462.jpg 768w\" sizes=\"(max-width: 800px) 100vw, 800px\" \/><\/a>\n\t\t\t<\/div><\/figure><figure class='gallery-item'>\n\t\t\t<div class='gallery-icon landscape'>\n\t\t\t\t<a href='https:\/\/jid.org\/wp-content\/uploads\/2019\/04\/despedida_gralBucio_01.jpg'><img decoding=\"async\" width=\"687\" height=\"481\" src=\"https:\/\/jid.org\/wp-content\/uploads\/2019\/04\/despedida_gralBucio_01.jpg\" class=\"attachment-large size-large\" alt=\"\" srcset=\"https:\/\/jid.org\/wp-content\/uploads\/2019\/04\/despedida_gralBucio_01.jpg 687w, https:\/\/jid.org\/wp-content\/uploads\/2019\/04\/despedida_gralBucio_01-300x210.jpg 300w, https:\/\/jid.org\/wp-content\/uploads\/2019\/04\/despedida_gralBucio_01-130x90.jpg 130w\" sizes=\"(max-width: 687px) 100vw, 687px\" \/><\/a>\n\t\t\t<\/div><\/figure><figure class='gallery-item'>\n\t\t\t<div class='gallery-icon landscape'>\n\t\t\t\t<a href='https:\/\/jid.org\/wp-content\/uploads\/2019\/04\/despedida_gralBucio_02.jpg'><img loading=\"lazy\" decoding=\"async\" width=\"800\" height=\"484\" src=\"https:\/\/jid.org\/wp-content\/uploads\/2019\/04\/despedida_gralBucio_02.jpg\" class=\"attachment-large size-large\" alt=\"\" srcset=\"https:\/\/jid.org\/wp-content\/uploads\/2019\/04\/despedida_gralBucio_02.jpg 800w, https:\/\/jid.org\/wp-content\/uploads\/2019\/04\/despedida_gralBucio_02-300x182.jpg 300w, https:\/\/jid.org\/wp-content\/uploads\/2019\/04\/despedida_gralBucio_02-768x465.jpg 768w\" sizes=\"(max-width: 800px) 100vw, 800px\" \/><\/a>\n\t\t\t<\/div><\/figure><figure class='gallery-item'>\n\t\t\t<div class='gallery-icon landscape'>\n\t\t\t\t<a href='https:\/\/jid.org\/wp-content\/uploads\/2019\/04\/despedida_gralBucio_05.jpg'><img loading=\"lazy\" decoding=\"async\" width=\"798\" height=\"482\" src=\"https:\/\/jid.org\/wp-content\/uploads\/2019\/04\/despedida_gralBucio_05.jpg\" class=\"attachment-large size-large\" alt=\"\" srcset=\"https:\/\/jid.org\/wp-content\/uploads\/2019\/04\/despedida_gralBucio_05.jpg 798w, https:\/\/jid.org\/wp-content\/uploads\/2019\/04\/despedida_gralBucio_05-300x181.jpg 300w, https:\/\/jid.org\/wp-content\/uploads\/2019\/04\/despedida_gralBucio_05-768x464.jpg 768w\" sizes=\"(max-width: 798px) 100vw, 798px\" \/><\/a>\n\t\t\t<\/div><\/figure><figure class='gallery-item'>\n\t\t\t<div class='gallery-icon landscape'>\n\t\t\t\t<a href='https:\/\/jid.org\/wp-content\/uploads\/2019\/04\/despedida_gralBucio_06.jpg'><img loading=\"lazy\" decoding=\"async\" width=\"800\" height=\"448\" src=\"https:\/\/jid.org\/wp-content\/uploads\/2019\/04\/despedida_gralBucio_06.jpg\" class=\"attachment-large size-large\" alt=\"\" srcset=\"https:\/\/jid.org\/wp-content\/uploads\/2019\/04\/despedida_gralBucio_06.jpg 800w, https:\/\/jid.org\/wp-content\/uploads\/2019\/04\/despedida_gralBucio_06-300x168.jpg 300w, https:\/\/jid.org\/wp-content\/uploads\/2019\/04\/despedida_gralBucio_06-768x430.jpg 768w\" sizes=\"(max-width: 800px) 100vw, 800px\" \/><\/a>\n\t\t\t<\/div><\/figure>\n\t\t<\/div>","protected":false},"excerpt":{"rendered":"<p>On April 23, during the Ordinary Meeting No. 1411 and in accordance with the Statute and Regulations of the Inter-American Defense Board and the Council of Delegates, Brigadier General DEM Luis Rodr\u00edguez Bucio handed over the responsibilities of the Presidency of the Council of Delegates to Brigadier General Carlos Humberto [\u2026]<\/p>","protected":false},"author":28,"featured_media":4005,"comment_status":"closed","ping_status":"closed","sticky":false,"template":"","format":"standard","meta":{"footnotes":""},"categories":[13],"tags":[],"destacado":[],"class_list":["post-4006","post","type-post","status-publish","format-standard","has-post-thumbnail","hentry","category-noticias"],"_links":{"self":[{"href":"https:\/\/jid.org\/en\/wp-json\/wp\/v2\/posts\/4006","targetHints":{"allow":["GET"]}}],"collection":[{"href":"https:\/\/jid.org\/en\/wp-json\/wp\/v2\/posts"}],"about":[{"href":"https:\/\/jid.org\/en\/wp-json\/wp\/v2\/types\/post"}],"author":[{"embeddable":true,"href":"https:\/\/jid.org\/en\/wp-json\/wp\/v2\/users\/28"}],"replies":[{"embeddable":true,"href":"https:\/\/jid.org\/en\/wp-json\/wp\/v2\/comments?post=4006"}],"version-history":[{"count":0,"href":"https:\/\/jid.org\/en\/wp-json\/wp\/v2\/posts\/4006\/revisions"}],"wp:featuredmedia":[{"embeddable":true,"href":"https:\/\/jid.org\/en\/wp-json\/wp\/v2\/media\/4005"}],"wp:attachment":[{"href":"https:\/\/jid.org\/en\/wp-json\/wp\/v2\/media?parent=4006"}],"wp:term":[{"taxonomy":"category","embeddable":true,"href":"https:\/\/jid.org\/en\/wp-json\/wp\/v2\/categories?post=4006"},{"taxonomy":"post_tag","embeddable":true,"href":"https:\/\/jid.org\/en\/wp-json\/wp\/v2\/tags?post=4006"},{"taxonomy":"destacado","embeddable":true,"href":"https:\/\/jid.org\/en\/wp-json\/wp\/v2\/destacado?post=4006"}],"curies":[{"name":"wp","href":"https:\/\/api.w.org\/{rel}","templated":true}]}}