{"id":46114,"date":"2025-11-06T12:11:17","date_gmt":"2025-11-06T17:11:17","guid":{"rendered":"https:\/\/jid.org\/?p=46114"},"modified":"2025-11-06T12:11:18","modified_gmt":"2025-11-06T17:11:18","slug":"acto-conmemorativo-por-el-193-aniversario-de-creacion-de-la-armada-del-ecuador","status":"publish","type":"post","link":"https:\/\/jid.org\/en\/acto-conmemorativo-por-el-193-aniversario-de-creacion-de-la-armada-del-ecuador\/","title":{"rendered":"COMMEMORATIVE ACT FOR THE 193RD ANNIVERSARY OF THE CREATION OF THE ECUADORIAN NAVY"},"content":{"rendered":"<p>On November 3rd, at the facilities of the Inter-American Defense Board, the Commemorative Ceremony for the 193rd Anniversary of the creation of the Ecuadorian Navy was held, and the Grand Collar of Honor for Military Merit was awarded to Captain Jorge Saldana. Captain Boris Brito, Naval Attach\u00e9 of Ecuador in the USA, representing the Ecuadorian Navy, presented the medal and in his remarks affirmed that <em>\u201c\u2026it is particularly significant to commemorate this anniversary within the framework of the Inter-American Defense Board, a hemispheric institution that embodies the ideal of continental cooperation and that, since 1942, has united the armed forces of the Americas under a common purpose: to strengthen collective defense, promote mutual trust and foster education and coordination on multidimensional security.\u201d<\/em><\/p>\n\n\n\n<figure class=\"wp-block-image size-large\"><img fetchpriority=\"high\" decoding=\"async\" width=\"1024\" height=\"768\" src=\"https:\/\/jid.org\/wp-content\/uploads\/2025\/11\/WhatsApp-Image-2025-11-03-at-4.58.25-PM-1024x768.jpeg\" alt=\"\" class=\"wp-image-46116\" srcset=\"https:\/\/jid.org\/wp-content\/uploads\/2025\/11\/WhatsApp-Image-2025-11-03-at-4.58.25-PM-1024x768.jpeg 1024w, https:\/\/jid.org\/wp-content\/uploads\/2025\/11\/WhatsApp-Image-2025-11-03-at-4.58.25-PM-300x225.jpeg 300w, https:\/\/jid.org\/wp-content\/uploads\/2025\/11\/WhatsApp-Image-2025-11-03-at-4.58.25-PM-768x576.jpeg 768w, https:\/\/jid.org\/wp-content\/uploads\/2025\/11\/WhatsApp-Image-2025-11-03-at-4.58.25-PM-16x12.jpeg 16w, https:\/\/jid.org\/wp-content\/uploads\/2025\/11\/WhatsApp-Image-2025-11-03-at-4.58.25-PM.jpeg 1280w\" sizes=\"(max-width: 1024px) 100vw, 1024px\" \/><\/figure>\n\n\n\n<p>The event was attended by the IADB leadership, Minister M\u00f3nica S\u00e1nchez, Ecuador&#039;s Representative to the OAS, Ms. M\u00f3nica Real, Counselor of the Permanent Mission of Ecuador to the OAS, Defense, Naval, and Air Attach\u00e9s, the Principal Delegate of Ecuador to the IADB, the OAS-IADB-CID Liaison Officer, relatives of the award recipient, and included the participation of all officers, non-commissioned officers, and technicians accredited to the IADB.<\/p>\n\n\n\n<figure class=\"wp-block-image size-large\"><img decoding=\"async\" width=\"1024\" height=\"576\" src=\"https:\/\/jid.org\/wp-content\/uploads\/2025\/11\/WhatsApp-Image-2025-11-03-at-4.55.22-PM-1024x576.jpeg\" alt=\"\" class=\"wp-image-46117\" srcset=\"https:\/\/jid.org\/wp-content\/uploads\/2025\/11\/WhatsApp-Image-2025-11-03-at-4.55.22-PM-1024x576.jpeg 1024w, https:\/\/jid.org\/wp-content\/uploads\/2025\/11\/WhatsApp-Image-2025-11-03-at-4.55.22-PM-300x169.jpeg 300w, https:\/\/jid.org\/wp-content\/uploads\/2025\/11\/WhatsApp-Image-2025-11-03-at-4.55.22-PM-768x432.jpeg 768w, https:\/\/jid.org\/wp-content\/uploads\/2025\/11\/WhatsApp-Image-2025-11-03-at-4.55.22-PM-1536x864.jpeg 1536w, https:\/\/jid.org\/wp-content\/uploads\/2025\/11\/WhatsApp-Image-2025-11-03-at-4.55.22-PM-18x10.jpeg 18w, https:\/\/jid.org\/wp-content\/uploads\/2025\/11\/WhatsApp-Image-2025-11-03-at-4.55.22-PM.jpeg 1920w\" sizes=\"(max-width: 1024px) 100vw, 1024px\" \/><\/figure>\n\n\n\n<figure class=\"wp-block-image size-large\"><img decoding=\"async\" width=\"1024\" height=\"466\" src=\"https:\/\/jid.org\/wp-content\/uploads\/2025\/11\/WhatsApp-Image-2025-11-03-at-5.02.33-PM-1024x466.jpeg\" alt=\"\" class=\"wp-image-46118\" srcset=\"https:\/\/jid.org\/wp-content\/uploads\/2025\/11\/WhatsApp-Image-2025-11-03-at-5.02.33-PM-1024x466.jpeg 1024w, https:\/\/jid.org\/wp-content\/uploads\/2025\/11\/WhatsApp-Image-2025-11-03-at-5.02.33-PM-300x137.jpeg 300w, https:\/\/jid.org\/wp-content\/uploads\/2025\/11\/WhatsApp-Image-2025-11-03-at-5.02.33-PM-768x350.jpeg 768w, https:\/\/jid.org\/wp-content\/uploads\/2025\/11\/WhatsApp-Image-2025-11-03-at-5.02.33-PM-1536x699.jpeg 1536w, https:\/\/jid.org\/wp-content\/uploads\/2025\/11\/WhatsApp-Image-2025-11-03-at-5.02.33-PM-18x8.jpeg 18w, https:\/\/jid.org\/wp-content\/uploads\/2025\/11\/WhatsApp-Image-2025-11-03-at-5.02.33-PM.jpeg 1920w\" sizes=\"(max-width: 1024px) 100vw, 1024px\" \/><\/figure>","protected":false},"excerpt":{"rendered":"<p>On November 3, at the facilities of the Inter-American Defense Board, the Commemorative Ceremony for the 193rd Anniversary of the creation of the Ecuadorian Navy was held, and the Grand Collar of Honor for Military Merit was awarded to Captain Jorge Saldana and Captain Boris Brito, Ecuador&#039;s Naval Attach\u00e9 in the United States. [\u2026]<\/p>","protected":false},"author":18,"featured_media":46115,"comment_status":"closed","ping_status":"closed","sticky":false,"template":"","format":"standard","meta":{"footnotes":""},"categories":[13],"tags":[],"destacado":[],"class_list":["post-46114","post","type-post","status-publish","format-standard","has-post-thumbnail","hentry","category-noticias"],"_links":{"self":[{"href":"https:\/\/jid.org\/en\/wp-json\/wp\/v2\/posts\/46114","targetHints":{"allow":["GET"]}}],"collection":[{"href":"https:\/\/jid.org\/en\/wp-json\/wp\/v2\/posts"}],"about":[{"href":"https:\/\/jid.org\/en\/wp-json\/wp\/v2\/types\/post"}],"author":[{"embeddable":true,"href":"https:\/\/jid.org\/en\/wp-json\/wp\/v2\/users\/18"}],"replies":[{"embeddable":true,"href":"https:\/\/jid.org\/en\/wp-json\/wp\/v2\/comments?post=46114"}],"version-history":[{"count":1,"href":"https:\/\/jid.org\/en\/wp-json\/wp\/v2\/posts\/46114\/revisions"}],"predecessor-version":[{"id":46119,"href":"https:\/\/jid.org\/en\/wp-json\/wp\/v2\/posts\/46114\/revisions\/46119"}],"wp:featuredmedia":[{"embeddable":true,"href":"https:\/\/jid.org\/en\/wp-json\/wp\/v2\/media\/46115"}],"wp:attachment":[{"href":"https:\/\/jid.org\/en\/wp-json\/wp\/v2\/media?parent=46114"}],"wp:term":[{"taxonomy":"category","embeddable":true,"href":"https:\/\/jid.org\/en\/wp-json\/wp\/v2\/categories?post=46114"},{"taxonomy":"post_tag","embeddable":true,"href":"https:\/\/jid.org\/en\/wp-json\/wp\/v2\/tags?post=46114"},{"taxonomy":"destacado","embeddable":true,"href":"https:\/\/jid.org\/en\/wp-json\/wp\/v2\/destacado?post=46114"}],"curies":[{"name":"wp","href":"https:\/\/api.w.org\/{rel}","templated":true}]}}