{"id":5813,"date":"2020-01-23T09:28:06","date_gmt":"2020-01-23T14:28:06","guid":{"rendered":"https:\/\/opanlcom-cp6.wordpresstemporal.com\/JID\/?p=5813"},"modified":"2020-01-23T09:32:28","modified_gmt":"2020-01-23T14:32:28","slug":"el-liderazgo-de-la-jid-se-reune-con-el-secretario-general-de-la-oea","status":"publish","type":"post","link":"https:\/\/jid.org\/en\/el-liderazgo-de-la-jid-se-reune-con-el-secretario-general-de-la-oea\/","title":{"rendered":"The IADB Leadership meets with the Secretary General of the OAS"},"content":{"rendered":"<p>On January 21, 2020, members of the Leadership of the Inter-American Defense Board (IADB), the <strong>Major General Luciano Jos\u00e9 Penna<\/strong>, he <strong>Brigadier General James E. Taylor<\/strong> and the <strong>Brigadier General Juan Jos\u00e9 G\u00f3mez Ruiz<\/strong>, participated in a working meeting with the Secretary General of the Organization of American States (OAS), <strong>Ambassador Luis Almagro Lemes<\/strong>.<\/p>\n<p>During the meeting, topics were discussed such as the need to expand the presence of the IADB with the OAS, the possibility of accrediting new Delegates from absent Countries, increasing resources to maintain the \u201cCasa del Soldado\u201d and the intention to increase the presence of OAS members in Conferences and Seminars organized by members of the IADB system.<\/p>\n<h3 style=\"text-align: center\">Photo<\/h3>\n<div id='gallery-1' class='gallery galleryid-5813 gallery-columns-1 gallery-size-large'><figure class='gallery-item'>\n\t\t\t<div class='gallery-icon portrait'>\n\t\t\t\t<a href='https:\/\/jid.org\/wp-content\/uploads\/2020\/01\/Reuniao-na-OEA1.jpg'><img fetchpriority=\"high\" decoding=\"async\" width=\"576\" height=\"1024\" src=\"https:\/\/jid.org\/wp-content\/uploads\/2020\/01\/Reuniao-na-OEA1-576x1024.jpg\" class=\"attachment-large size-large\" alt=\"\" srcset=\"https:\/\/jid.org\/wp-content\/uploads\/2020\/01\/Reuniao-na-OEA1-576x1024.jpg 576w, https:\/\/jid.org\/wp-content\/uploads\/2020\/01\/Reuniao-na-OEA1-169x300.jpg 169w, https:\/\/jid.org\/wp-content\/uploads\/2020\/01\/Reuniao-na-OEA1-768x1365.jpg 768w, https:\/\/jid.org\/wp-content\/uploads\/2020\/01\/Reuniao-na-OEA1.jpg 900w\" sizes=\"(max-width: 576px) 100vw, 576px\" \/><\/a>\n\t\t\t<\/div><\/figure>\n\t\t<\/div>","protected":false},"excerpt":{"rendered":"<p>On January 21, 2020, members of the Inter-American Defense Board (IADB) Leadership, Division General Luciano Jos\u00e9 Penna, Brigadier General James E. Taylor, and Brigadier General Juan Jos\u00e9 G\u00f3mez Ruiz, participated in a meeting of work with the Secretary General of the Organization of States [\u2026]<\/p>","protected":false},"author":28,"featured_media":5815,"comment_status":"closed","ping_status":"closed","sticky":false,"template":"","format":"standard","meta":{"footnotes":""},"categories":[13],"tags":[],"destacado":[],"class_list":["post-5813","post","type-post","status-publish","format-standard","has-post-thumbnail","hentry","category-noticias"],"_links":{"self":[{"href":"https:\/\/jid.org\/en\/wp-json\/wp\/v2\/posts\/5813","targetHints":{"allow":["GET"]}}],"collection":[{"href":"https:\/\/jid.org\/en\/wp-json\/wp\/v2\/posts"}],"about":[{"href":"https:\/\/jid.org\/en\/wp-json\/wp\/v2\/types\/post"}],"author":[{"embeddable":true,"href":"https:\/\/jid.org\/en\/wp-json\/wp\/v2\/users\/28"}],"replies":[{"embeddable":true,"href":"https:\/\/jid.org\/en\/wp-json\/wp\/v2\/comments?post=5813"}],"version-history":[{"count":0,"href":"https:\/\/jid.org\/en\/wp-json\/wp\/v2\/posts\/5813\/revisions"}],"wp:featuredmedia":[{"embeddable":true,"href":"https:\/\/jid.org\/en\/wp-json\/wp\/v2\/media\/5815"}],"wp:attachment":[{"href":"https:\/\/jid.org\/en\/wp-json\/wp\/v2\/media?parent=5813"}],"wp:term":[{"taxonomy":"category","embeddable":true,"href":"https:\/\/jid.org\/en\/wp-json\/wp\/v2\/categories?post=5813"},{"taxonomy":"post_tag","embeddable":true,"href":"https:\/\/jid.org\/en\/wp-json\/wp\/v2\/tags?post=5813"},{"taxonomy":"destacado","embeddable":true,"href":"https:\/\/jid.org\/en\/wp-json\/wp\/v2\/destacado?post=5813"}],"curies":[{"name":"wp","href":"https:\/\/api.w.org\/{rel}","templated":true}]}}