{"id":158,"date":"2018-02-01T11:23:20","date_gmt":"2018-02-01T16:23:20","guid":{"rendered":"https:\/\/opanlcom-cp6.wordpresstemporal.com\/JID\/?p=158"},"modified":"2018-09-19T14:16:45","modified_gmt":"2018-09-19T18:16:45","slug":"conferencia-sobre-el-papel-cambiante-de-las-fuerzas-armadas","status":"publish","type":"post","link":"https:\/\/jid.org\/pt\/conferencia-sobre-el-papel-cambiante-de-las-fuerzas-armadas\/","title":{"rendered":"Confer\u00eancia sobre a Mudan\u00e7a do Papel das For\u00e7as Armadas"},"content":{"rendered":"<p style=\"text-align: justify;\"><img decoding=\"async\" style=\"float: left; margin-right: 15px;\" src=\"jid.org\/wp-content\/uploads\/2015\/03\/Banner-Papel-Cambiante-133x300.png\" alt=\"\" width=\"133\" height=\"300\" \/>Em 31 de janeiro de 2018, foi realizada na \u201cCasa del Soldado\u201d da Junta Interamericana de Defesa, em Washington, D.C., a Confer\u00eancia \u201cA mudan\u00e7a do papel das For\u00e7as Armadas: entre a defesa e a seguran\u00e7a multidimensional, suas implica\u00e7\u00f5es jur\u00eddicas\u201d.<\/p>\n<p style=\"text-align: justify;\">O objetivo da Confer\u00eancia foi conhecer o alcance e os conceitos jur\u00eddicos que surgem sobre os pap\u00e9is das For\u00e7as Armadas e sua aplicabilidade em tarefas de Defesa ou Seguran\u00e7a Multidimensional; o anterior, <img fetchpriority=\"high\" decoding=\"async\" class=\"alignright size-medium wp-image-451\" src=\"jid.org\/wp-content\/uploads\/2015\/03\/Papel-Cambiante02-300x198.jpg\" alt=\"\" width=\"300\" height=\"198\" srcset=\"https:\/\/jid.org\/wp-content\/uploads\/2015\/03\/Papel-Cambiante02-300x198.jpg 300w, https:\/\/jid.org\/wp-content\/uploads\/2015\/03\/Papel-Cambiante02.jpg 493w\" sizes=\"(max-width: 300px) 100vw, 300px\" \/>cumprir a fun\u00e7\u00e3o estatut\u00e1ria da JID de assessoria t\u00e9cnica, consultiva e educacional em quest\u00f5es relacionadas a assuntos militares e de defesa.<\/p>\n<p style=\"text-align: justify;\">O moderador da confer\u00eancia foi o Contra-Almirante (aposentado) MANUEL LORA (Peru), Professor Adjunto do Col\u00e9gio Interamericano de Defesa. Participaram como palestrantes:<\/p>\n<p style=\"text-align: justify;\">1. Professor GUILLERMO A. PACHECO-GAITAN, Consultor de Seguran\u00e7a e Defesa e ex-Professor do Centro William J. Perry de Estudos de Defesa Hemisf\u00e9rica, com a Apresenta\u00e7\u00e3o \u201cEvolu\u00e7\u00e3o na Participa\u00e7\u00e3o das For\u00e7as Armadas na Seguran\u00e7a: Uma Vis\u00e3o do Multidimensional\u201d .<\/p>\n<p style=\"text-align: justify;\">2. Sr. ADAM ISACSON Associado S\u00eanior do Escrit\u00f3rio de Washington para a Am\u00e9rica Latina, com a apresenta\u00e7\u00e3o \u201cA Crescente Participa\u00e7\u00e3o das For\u00e7as Armadas nas Tarefas de Seguran\u00e7a Interna e o Enfraquecimento do Setor de Seguran\u00e7a\u201d.<\/p>\n<p style=\"text-align: justify;\">3. General de Brigada DEM MARIO ALBERTO MART\u00cdNEZ VERDUZCO Vice-Diretor do Heroico Col\u00e9gio Militar do M\u00e9xico, com a exposi\u00e7\u00e3o \u201cAs For\u00e7as Armadas Mexicanas no Campo da Seguran\u00e7a Multidimensional\u201d.<\/p>\n<p style=\"text-align: justify;\">4. Dr. JUAN BELIKOW, com a apresenta\u00e7\u00e3o \u201cRevolu\u00e7\u00e3o em Quest\u00f5es de Seguran\u00e7a \u2013 Redefinindo os Pap\u00e9is dos Homens de Armas\u201d.<\/p>\n<p style=\"text-align: justify;\"><img decoding=\"async\" class=\"alignleft size-medium wp-image-457\" src=\"jid.org\/wp-content\/uploads\/2015\/03\/Papel-Cambiante03-300x191.jpg\" alt=\"\" width=\"300\" height=\"191\" srcset=\"https:\/\/jid.org\/wp-content\/uploads\/2015\/03\/Papel-Cambiante03-300x191.jpg 300w, https:\/\/jid.org\/wp-content\/uploads\/2015\/03\/Papel-Cambiante03.jpg 511w\" sizes=\"(max-width: 300px) 100vw, 300px\" \/>5. General de Divis\u00e3o JUAN GUILLERMO GARC\u00cdA SERNA, Chefe da Miss\u00e3o Militar da Col\u00f4mbia junto \u00e0 OEA e Delegado junto \u00e0 JID, com a exposi\u00e7\u00e3o \u201cSeguran\u00e7a Multidimensional na Col\u00f4mbia \u2013 Aspectos Jur\u00eddicos\u201d.<\/p>\n<p style=\"text-align: justify;\">6. A Sra. MAR\u00cdA CLAUDIA PULIDO, Secret\u00e1ria Executiva Adjunta de Acompanhamento, Promo\u00e7\u00e3o e Coopera\u00e7\u00e3o T\u00e9cnica em Direitos Humanos (CIDH-OEA), com a disserta\u00e7\u00e3o \u201cSeguran\u00e7a Cidad\u00e3 e Viol\u00eancia. \u201cUma Perspectiva das Obriga\u00e7\u00f5es Internacionais Contra\u00eddas pelos Estados em Mat\u00e9ria de Direitos Humanos\u201d.<\/p>","protected":false},"excerpt":{"rendered":"<p>Em 31 de janeiro de 2018, foi realizada na \u201cCasa del Soldado\u201d da Junta Interamericana de Defesa, em Washington, DC, a Confer\u00eancia \u201cA mudan\u00e7a do papel das For\u00e7as Armadas: entre a defesa e a seguran\u00e7a multidimensional, suas implica\u00e7\u00f5es jur\u00eddicas\u201d. da Confer\u00eancia foi conhecer o alcance e os conceitos jur\u00eddicos que [...]<\/p>","protected":false},"author":28,"featured_media":776,"comment_status":"closed","ping_status":"open","sticky":false,"template":"","format":"standard","meta":{"footnotes":""},"categories":[13],"tags":[],"destacado":[],"class_list":["post-158","post","type-post","status-publish","format-standard","has-post-thumbnail","hentry","category-noticias"],"_links":{"self":[{"href":"https:\/\/jid.org\/pt\/wp-json\/wp\/v2\/posts\/158","targetHints":{"allow":["GET"]}}],"collection":[{"href":"https:\/\/jid.org\/pt\/wp-json\/wp\/v2\/posts"}],"about":[{"href":"https:\/\/jid.org\/pt\/wp-json\/wp\/v2\/types\/post"}],"author":[{"embeddable":true,"href":"https:\/\/jid.org\/pt\/wp-json\/wp\/v2\/users\/28"}],"replies":[{"embeddable":true,"href":"https:\/\/jid.org\/pt\/wp-json\/wp\/v2\/comments?post=158"}],"version-history":[{"count":0,"href":"https:\/\/jid.org\/pt\/wp-json\/wp\/v2\/posts\/158\/revisions"}],"wp:featuredmedia":[{"embeddable":true,"href":"https:\/\/jid.org\/pt\/wp-json\/wp\/v2\/media\/776"}],"wp:attachment":[{"href":"https:\/\/jid.org\/pt\/wp-json\/wp\/v2\/media?parent=158"}],"wp:term":[{"taxonomy":"category","embeddable":true,"href":"https:\/\/jid.org\/pt\/wp-json\/wp\/v2\/categories?post=158"},{"taxonomy":"post_tag","embeddable":true,"href":"https:\/\/jid.org\/pt\/wp-json\/wp\/v2\/tags?post=158"},{"taxonomy":"destacado","embeddable":true,"href":"https:\/\/jid.org\/pt\/wp-json\/wp\/v2\/destacado?post=158"}],"curies":[{"name":"wp","href":"https:\/\/api.w.org\/{rel}","templated":true}]}}