{"id":2710,"date":"2018-11-02T12:06:02","date_gmt":"2018-11-02T16:06:02","guid":{"rendered":"https:\/\/opanlcom-cp6.wordpresstemporal.com\/JID\/?p=2710"},"modified":"2018-11-02T12:06:02","modified_gmt":"2018-11-02T16:06:02","slug":"participacion-de-la-jid-en-la-conferencia-especializada-de-la-cea-en-buenos-aires","status":"publish","type":"post","link":"https:\/\/jid.org\/pt\/participacion-de-la-jid-en-la-conferencia-especializada-de-la-cea-en-buenos-aires\/","title":{"rendered":"Participa\u00e7\u00e3o da JID na Confer\u00eancia Especializada do CEA em Buenos Aires"},"content":{"rendered":"<p>De 15 a 19 de outubro de 2018, foi realizada em Buenos Aires, Argentina, a Confer\u00eancia Especializada do Ciclo XXXIII da Confer\u00eancia dos Ex\u00e9rcitos Americanos (CEA) sobre \u201cLideran\u00e7a militar e rela\u00e7\u00f5es de comando entre autoridades militares e civis em um ambiente interag\u00eancias\u201d. caso: Ant\u00e1rtica\u201d; Foi presidido pelo General de Brigada Justo Francisco Treviranus, Comandante do Comando Conjunto Ant\u00e1rtico, acompanhado por Altos Oficiais do Ex\u00e9rcito Argentino e pelo Brigadeiro General Luis F. de Le\u00f3n Rodriguez (Rep\u00fablica Dominicana), Secret\u00e1rio Geral da Confer\u00eancia dos Ex\u00e9rcitos Americanos Ciclo XXXIII .<\/p>\n<p>O assessor estrat\u00e9gico da Se\u00e7\u00e3o de Organiza\u00e7\u00f5es Internacionais da Junta Interamericana de Defesa (JID), representou esta Organiza\u00e7\u00e3o, que juntamente com os representantes dos Ex\u00e9rcitos da Argentina, Brasil, Canad\u00e1, Chile, Col\u00f4mbia, Estados Unidos da Am\u00e9rica, Honduras, Jamaica , M\u00e9xico, Paraguai, Rep\u00fablica Dominicana, Uruguai, Venezuela e como Observador Especial Espanha, analisaram a import\u00e2ncia de ter uma vis\u00e3o global das rela\u00e7\u00f5es interinstitucionais Civis-Militar, para contribuir para a realiza\u00e7\u00e3o das atividades cient\u00edficas realizadas na Ant\u00e1rtica e continuar desenvolvendo opera\u00e7\u00f5es coordenadas com outros pa\u00edses.<\/p>\n<p>Atrav\u00e9s da participa\u00e7\u00e3o ativa do pessoal da Junta Interamericana de Defesa como entidade que presta assessoria t\u00e9cnica e consultiva \u00e0 Organiza\u00e7\u00e3o dos Estados Americanos (OEA) e seus Estados membros, consegue-se o interc\u00e2mbio de informa\u00e7\u00f5es, li\u00e7\u00f5es aprendidas e boas pr\u00e1ticas, fortalecimento do relacionamento e Medidas para promover a confian\u00e7a e a seguran\u00e7a em nosso Hemisf\u00e9rio, aspectos que permitiram contribuir para o cumprimento das normas da OEA.<\/p>\n<p>&nbsp;<\/p>\n<h3 style=\"text-align: center\">Fotos<\/h3>\n<div id='gallery-1' class='gallery galleryid-2710 gallery-columns-2 gallery-size-large'><figure class='gallery-item'>\n\t\t\t<div class='gallery-icon landscape'>\n\t\t\t\t<a href='https:\/\/jid.org\/wp-content\/uploads\/2018\/11\/foto5.jpg'><img fetchpriority=\"high\" decoding=\"async\" width=\"800\" height=\"600\" src=\"https:\/\/jid.org\/wp-content\/uploads\/2018\/11\/foto5.jpg\" class=\"attachment-large size-large\" alt=\"\" srcset=\"https:\/\/jid.org\/wp-content\/uploads\/2018\/11\/foto5.jpg 800w, https:\/\/jid.org\/wp-content\/uploads\/2018\/11\/foto5-300x225.jpg 300w, https:\/\/jid.org\/wp-content\/uploads\/2018\/11\/foto5-768x576.jpg 768w\" sizes=\"(max-width: 800px) 100vw, 800px\" \/><\/a>\n\t\t\t<\/div><\/figure><figure class='gallery-item'>\n\t\t\t<div class='gallery-icon landscape'>\n\t\t\t\t<a href='https:\/\/jid.org\/wp-content\/uploads\/2018\/11\/foto4.jpg'><img decoding=\"async\" width=\"800\" height=\"445\" src=\"https:\/\/jid.org\/wp-content\/uploads\/2018\/11\/foto4.jpg\" class=\"attachment-large size-large\" alt=\"\" srcset=\"https:\/\/jid.org\/wp-content\/uploads\/2018\/11\/foto4.jpg 800w, https:\/\/jid.org\/wp-content\/uploads\/2018\/11\/foto4-300x167.jpg 300w, https:\/\/jid.org\/wp-content\/uploads\/2018\/11\/foto4-768x427.jpg 768w\" sizes=\"(max-width: 800px) 100vw, 800px\" \/><\/a>\n\t\t\t<\/div><\/figure><figure class='gallery-item'>\n\t\t\t<div class='gallery-icon landscape'>\n\t\t\t\t<a href='https:\/\/jid.org\/wp-content\/uploads\/2018\/11\/foto3.jpg'><img decoding=\"async\" width=\"800\" height=\"516\" src=\"https:\/\/jid.org\/wp-content\/uploads\/2018\/11\/foto3.jpg\" class=\"attachment-large size-large\" alt=\"\" srcset=\"https:\/\/jid.org\/wp-content\/uploads\/2018\/11\/foto3.jpg 805w, https:\/\/jid.org\/wp-content\/uploads\/2018\/11\/foto3-300x193.jpg 300w, https:\/\/jid.org\/wp-content\/uploads\/2018\/11\/foto3-768x495.jpg 768w\" sizes=\"(max-width: 800px) 100vw, 800px\" \/><\/a>\n\t\t\t<\/div><\/figure><figure class='gallery-item'>\n\t\t\t<div class='gallery-icon landscape'>\n\t\t\t\t<a href='https:\/\/jid.org\/wp-content\/uploads\/2018\/11\/foto2.jpg'><img loading=\"lazy\" decoding=\"async\" width=\"800\" height=\"600\" src=\"https:\/\/jid.org\/wp-content\/uploads\/2018\/11\/foto2.jpg\" class=\"attachment-large size-large\" alt=\"\" srcset=\"https:\/\/jid.org\/wp-content\/uploads\/2018\/11\/foto2.jpg 800w, https:\/\/jid.org\/wp-content\/uploads\/2018\/11\/foto2-300x225.jpg 300w, https:\/\/jid.org\/wp-content\/uploads\/2018\/11\/foto2-768x576.jpg 768w\" sizes=\"(max-width: 800px) 100vw, 800px\" \/><\/a>\n\t\t\t<\/div><\/figure>\n\t\t<\/div>\n\n<p>&nbsp;<\/p>","protected":false},"excerpt":{"rendered":"<p>De 15 a 19 de outubro de 2018, foi realizada em Buenos Aires, Argentina, a Confer\u00eancia Especializada do Ciclo XXXIII da Confer\u00eancia dos Ex\u00e9rcitos Americanos (CEA) sobre \u201cLideran\u00e7a militar e rela\u00e7\u00f5es de comando entre autoridades militares e civis em um ambiente interag\u00eancias\u201d. caso: Ant\u00e1rtica\u201d; Foi presidido pelo General de Divis\u00e3o Justo Francisco [\u2026]<\/p>","protected":false},"author":28,"featured_media":2705,"comment_status":"closed","ping_status":"closed","sticky":false,"template":"","format":"standard","meta":{"footnotes":""},"categories":[13],"tags":[],"destacado":[],"class_list":["post-2710","post","type-post","status-publish","format-standard","has-post-thumbnail","hentry","category-noticias"],"_links":{"self":[{"href":"https:\/\/jid.org\/pt\/wp-json\/wp\/v2\/posts\/2710","targetHints":{"allow":["GET"]}}],"collection":[{"href":"https:\/\/jid.org\/pt\/wp-json\/wp\/v2\/posts"}],"about":[{"href":"https:\/\/jid.org\/pt\/wp-json\/wp\/v2\/types\/post"}],"author":[{"embeddable":true,"href":"https:\/\/jid.org\/pt\/wp-json\/wp\/v2\/users\/28"}],"replies":[{"embeddable":true,"href":"https:\/\/jid.org\/pt\/wp-json\/wp\/v2\/comments?post=2710"}],"version-history":[{"count":0,"href":"https:\/\/jid.org\/pt\/wp-json\/wp\/v2\/posts\/2710\/revisions"}],"wp:featuredmedia":[{"embeddable":true,"href":"https:\/\/jid.org\/pt\/wp-json\/wp\/v2\/media\/2705"}],"wp:attachment":[{"href":"https:\/\/jid.org\/pt\/wp-json\/wp\/v2\/media?parent=2710"}],"wp:term":[{"taxonomy":"category","embeddable":true,"href":"https:\/\/jid.org\/pt\/wp-json\/wp\/v2\/categories?post=2710"},{"taxonomy":"post_tag","embeddable":true,"href":"https:\/\/jid.org\/pt\/wp-json\/wp\/v2\/tags?post=2710"},{"taxonomy":"destacado","embeddable":true,"href":"https:\/\/jid.org\/pt\/wp-json\/wp\/v2\/destacado?post=2710"}],"curies":[{"name":"wp","href":"https:\/\/api.w.org\/{rel}","templated":true}]}}