{"id":27278,"date":"2020-05-19T18:35:52","date_gmt":"2020-05-19T22:35:52","guid":{"rendered":"https:\/\/opanlcom-cp6.wordpresstemporal.com\/JID\/?p=27278"},"modified":"2020-05-19T18:35:55","modified_gmt":"2020-05-19T22:35:55","slug":"jid-elige-nuevo-vicepresidente-del-consejo-de-delegados-y-vice-director-del-cid","status":"publish","type":"post","link":"https:\/\/jid.org\/pt\/jid-elige-nuevo-vicepresidente-del-consejo-de-delegados-y-vice-director-del-cid\/","title":{"rendered":"JID elege novo Vice-Presidente do Conselho de Delegados e Vice-Diretor do CID"},"content":{"rendered":"<p>A Reuni\u00e3o 1.421 do Conselho de Delegados da Junta Interamericana de Defesa (JID), realizada em 19 de maio de 2020, apresentou a hist\u00f3ria desta institui\u00e7\u00e3o como a primeira reuni\u00e3o do Conselho de Delegados realizada por videoconfer\u00eancia. Este acontecimento hist\u00f3rico foi poss\u00edvel devido ao alto n\u00edvel profissional dos militares que trabalham nesta importante organiza\u00e7\u00e3o internacional, o que contribui para o sucesso cont\u00ednuo da JID em sua nobre miss\u00e3o.<\/p>\n\n\n\n<p>Al\u00e9m disso, tamb\u00e9m foram eleitos o novo Vice-Presidente do Conselho de Delegados e o Vice-Diretor do Col\u00e9gio Interamericano de Defesa (CID), respectivamente, <strong>Brigadeiro General (Equador) Jos\u00e9 Alfonso Gallardo Carmona <\/strong>e<strong> <\/strong>ele<strong> Brigadeiro do Ar (Brasil) Leonardo Chaves Rodrigues<\/strong>.<\/p>\n\n\n\n<p>Portanto, o futuro Vice-Presidente do Conselho de Delegados da JID exercer\u00e1 seu mandato de 1\u00ba de dezembro de 2020 a 30 de novembro de 2021, podendo ser reeleito por mais um ano; e o Vice-Diretor eleito do CID cumprir\u00e1 sua miss\u00e3o de 1\u00ba de dezembro de 2020 a 30 de novembro de 2022.<\/p>\n\n\n\n<p>Ele <strong>General de Brigada Jos\u00e9 Alfonso Gallardo Carmona<\/strong> \u00c9 o atual Presidente da Comiss\u00e3o de Legisla\u00e7\u00e3o Militar do Minist\u00e9rio da Defesa Nacional do Equador. Foi nomeado Segundo Tenente da Arma de Infantaria em 1985, faz parte do Sistema de For\u00e7as Especiais. Em sua carreira militar, foi instrutor em institutos militares no Equador e no exterior, entre os quais se destacam a Escola Superior Militar \u201cEloy Alfaro\u201d e o Instituto Hemisf\u00e9rico de Seguran\u00e7a (WHINSEC).<\/p>\n\n\n\n<p>Desempenhou fun\u00e7\u00f5es relevantes como assessor militar de campo do Presidente do Conselho Nacional Eleitoral e Observador Militar da Miss\u00e3o de Observadores Militares Equador-Peru (MOMEP). Fez cursos especiais no Equador, Argentina, Col\u00f4mbia e Estados Unidos.<\/p>\n\n\n\n<p>Foi Adido de Defesa e Conselheiro Militar da Miss\u00e3o Permanente do Equador junto \u00e0s Na\u00e7\u00f5es Unidas em Nova York, Estados Unidos.<\/p>\n\n\n\n<p>\u00c9 Bacharel em Ci\u00eancias Militares, Engenheiro Comercial, Mestre em Planejamento e Gest\u00e3o Estrat\u00e9gica.<\/p>\n\n\n\n<p>Al\u00e9m disso, foi representante do Equador em diversos semin\u00e1rios e exerc\u00edcios no Canad\u00e1, Fran\u00e7a, Chile e Estados Unidos.<\/p>\n\n\n\n<p>Ele <strong>Brigadeiro do Ar Leonardo Chaves Rodrigues<\/strong> Ele \u00e9 natural do Rio de Janeiro \u2013 Brasil e atualmente comanda o ALA 9 da For\u00e7a A\u00e9rea Brasileira. Foi nomeado Segundo-Tenente em 1992. Na carreira militar, entre outras atividades, foi Comandante do 6\u00ba Esquadr\u00e3o de Transporte A\u00e9reo, Subchefe da Divis\u00e3o de Planejamento do Comando do Estado-Maior, Vice-Presidente da Comiss\u00e3o de Aeroportos da Regi\u00e3o Amaz\u00f4nica, Chefe da Se\u00e7\u00e3o de Patrim\u00f4nio e Meio Ambiente do 4\u00ba Subchefe do Estado-Maior da Aeron\u00e1utica e Chefe do Estado-Maior da ALA 1 da For\u00e7a A\u00e9rea Brasileira.<\/p>\n\n\n\n<p>Ele tem mais de 4.000 horas de voo, pilotando diversos tipos de aeronaves em sua carreira. Al\u00e9m disso, possui Mestrado em Desenvolvimento e Defesa Nacional, conclu\u00eddo no Centro de Estudos Superiores Nacionais - CAEN em Lima-Peru; e MBA em Gest\u00e3o Estrat\u00e9gica de Pessoas, conclu\u00eddo na Funda\u00e7\u00e3o Get\u00falio Vargas em Bras\u00edlia-Brasil.<\/p>\n\n\n\n<h3 class=\"has-text-align-center wp-block-heading\">Fotos<\/h3>\n\n\n\n<figure class=\"wp-block-gallery columns-2 is-cropped wp-block-gallery-1 is-layout-flex wp-block-gallery-is-layout-flex\"><ul class=\"blocks-gallery-grid\"><li class=\"blocks-gallery-item\"><figure><a href=\"jid.org\/wp-content\/uploads\/2020\/05\/Reuniao-Ordinaria-1421-videoconferencia1.jpg\"><img fetchpriority=\"high\" decoding=\"async\" width=\"1024\" height=\"575\" src=\"jid.org\/wp-content\/uploads\/2020\/05\/Reuniao-Ordinaria-1421-videoconferencia1-1024x575.jpg\" alt=\"\" data-id=\"27279\" data-full-url=\"jid.org\/wp-content\/uploads\/2020\/05\/Reuniao-Ordinaria-1421-videoconferencia1.jpg\" data-link=\"jid.org\/?attachment_id=27279\" class=\"wp-image-27279\" srcset=\"https:\/\/jid.org\/wp-content\/uploads\/2020\/05\/Reuniao-Ordinaria-1421-videoconferencia1-1024x575.jpg 1024w, https:\/\/jid.org\/wp-content\/uploads\/2020\/05\/Reuniao-Ordinaria-1421-videoconferencia1-300x169.jpg 300w, https:\/\/jid.org\/wp-content\/uploads\/2020\/05\/Reuniao-Ordinaria-1421-videoconferencia1-768x431.jpg 768w, https:\/\/jid.org\/wp-content\/uploads\/2020\/05\/Reuniao-Ordinaria-1421-videoconferencia1-1536x863.jpg 1536w, https:\/\/jid.org\/wp-content\/uploads\/2020\/05\/Reuniao-Ordinaria-1421-videoconferencia1.jpg 1700w\" sizes=\"(max-width: 1024px) 100vw, 1024px\" \/><\/a><\/figure><\/li><li class=\"blocks-gallery-item\"><figure><a href=\"jid.org\/wp-content\/uploads\/2020\/05\/Reuniao-Ordinaria-1421-videoconferencia4.jpg\"><img decoding=\"async\" width=\"1024\" height=\"575\" src=\"jid.org\/wp-content\/uploads\/2020\/05\/Reuniao-Ordinaria-1421-videoconferencia4-1024x575.jpg\" alt=\"\" data-id=\"27282\" data-full-url=\"jid.org\/wp-content\/uploads\/2020\/05\/Reuniao-Ordinaria-1421-videoconferencia4.jpg\" data-link=\"jid.org\/?attachment_id=27282\" class=\"wp-image-27282\" srcset=\"https:\/\/jid.org\/wp-content\/uploads\/2020\/05\/Reuniao-Ordinaria-1421-videoconferencia4-1024x575.jpg 1024w, https:\/\/jid.org\/wp-content\/uploads\/2020\/05\/Reuniao-Ordinaria-1421-videoconferencia4-300x169.jpg 300w, https:\/\/jid.org\/wp-content\/uploads\/2020\/05\/Reuniao-Ordinaria-1421-videoconferencia4-768x431.jpg 768w, https:\/\/jid.org\/wp-content\/uploads\/2020\/05\/Reuniao-Ordinaria-1421-videoconferencia4-1536x863.jpg 1536w, https:\/\/jid.org\/wp-content\/uploads\/2020\/05\/Reuniao-Ordinaria-1421-videoconferencia4.jpg 1700w\" sizes=\"(max-width: 1024px) 100vw, 1024px\" \/><\/a><\/figure><\/li><li class=\"blocks-gallery-item\"><figure><a href=\"jid.org\/wp-content\/uploads\/2020\/05\/Reuniao-Ordinaria-1421-videoconferencia2.jpg\"><img decoding=\"async\" width=\"1024\" height=\"575\" src=\"jid.org\/wp-content\/uploads\/2020\/05\/Reuniao-Ordinaria-1421-videoconferencia2-1024x575.jpg\" alt=\"\" data-id=\"27280\" data-full-url=\"jid.org\/wp-content\/uploads\/2020\/05\/Reuniao-Ordinaria-1421-videoconferencia2.jpg\" data-link=\"jid.org\/?attachment_id=27280\" class=\"wp-image-27280\" srcset=\"https:\/\/jid.org\/wp-content\/uploads\/2020\/05\/Reuniao-Ordinaria-1421-videoconferencia2-1024x575.jpg 1024w, https:\/\/jid.org\/wp-content\/uploads\/2020\/05\/Reuniao-Ordinaria-1421-videoconferencia2-300x169.jpg 300w, https:\/\/jid.org\/wp-content\/uploads\/2020\/05\/Reuniao-Ordinaria-1421-videoconferencia2-768x431.jpg 768w, https:\/\/jid.org\/wp-content\/uploads\/2020\/05\/Reuniao-Ordinaria-1421-videoconferencia2-1536x863.jpg 1536w, https:\/\/jid.org\/wp-content\/uploads\/2020\/05\/Reuniao-Ordinaria-1421-videoconferencia2.jpg 1700w\" sizes=\"(max-width: 1024px) 100vw, 1024px\" \/><\/a><\/figure><\/li><li class=\"blocks-gallery-item\"><figure><a href=\"jid.org\/wp-content\/uploads\/2020\/05\/Reuniao-Ordinaria-1421-videoconferencia3.jpg\"><img loading=\"lazy\" decoding=\"async\" width=\"1024\" height=\"575\" src=\"jid.org\/wp-content\/uploads\/2020\/05\/Reuniao-Ordinaria-1421-videoconferencia3-1024x575.jpg\" alt=\"\" data-id=\"27281\" data-full-url=\"jid.org\/wp-content\/uploads\/2020\/05\/Reuniao-Ordinaria-1421-videoconferencia3.jpg\" data-link=\"jid.org\/?attachment_id=27281\" class=\"wp-image-27281\" srcset=\"https:\/\/jid.org\/wp-content\/uploads\/2020\/05\/Reuniao-Ordinaria-1421-videoconferencia3-1024x575.jpg 1024w, https:\/\/jid.org\/wp-content\/uploads\/2020\/05\/Reuniao-Ordinaria-1421-videoconferencia3-300x169.jpg 300w, https:\/\/jid.org\/wp-content\/uploads\/2020\/05\/Reuniao-Ordinaria-1421-videoconferencia3-768x431.jpg 768w, https:\/\/jid.org\/wp-content\/uploads\/2020\/05\/Reuniao-Ordinaria-1421-videoconferencia3-1536x863.jpg 1536w, https:\/\/jid.org\/wp-content\/uploads\/2020\/05\/Reuniao-Ordinaria-1421-videoconferencia3.jpg 1700w\" sizes=\"(max-width: 1024px) 100vw, 1024px\" \/><\/a><\/figure><\/li><\/ul><\/figure>","protected":false},"excerpt":{"rendered":"<p>A Reuni\u00e3o 1.421 do Conselho de Delegados da Junta Interamericana de Defesa (JID), realizada em 19 de maio de 2020, apresentou a hist\u00f3ria desta institui\u00e7\u00e3o como a primeira reuni\u00e3o do Conselho de Delegados realizada por videoconfer\u00eancia. Este acontecimento hist\u00f3rico foi poss\u00edvel devido ao elevado n\u00edvel profissional dos militares que trabalham neste [\u2026]<\/p>","protected":false},"author":28,"featured_media":27283,"comment_status":"closed","ping_status":"closed","sticky":false,"template":"","format":"standard","meta":{"footnotes":""},"categories":[13],"tags":[],"destacado":[],"class_list":["post-27278","post","type-post","status-publish","format-standard","has-post-thumbnail","hentry","category-noticias"],"_links":{"self":[{"href":"https:\/\/jid.org\/pt\/wp-json\/wp\/v2\/posts\/27278","targetHints":{"allow":["GET"]}}],"collection":[{"href":"https:\/\/jid.org\/pt\/wp-json\/wp\/v2\/posts"}],"about":[{"href":"https:\/\/jid.org\/pt\/wp-json\/wp\/v2\/types\/post"}],"author":[{"embeddable":true,"href":"https:\/\/jid.org\/pt\/wp-json\/wp\/v2\/users\/28"}],"replies":[{"embeddable":true,"href":"https:\/\/jid.org\/pt\/wp-json\/wp\/v2\/comments?post=27278"}],"version-history":[{"count":0,"href":"https:\/\/jid.org\/pt\/wp-json\/wp\/v2\/posts\/27278\/revisions"}],"wp:featuredmedia":[{"embeddable":true,"href":"https:\/\/jid.org\/pt\/wp-json\/wp\/v2\/media\/27283"}],"wp:attachment":[{"href":"https:\/\/jid.org\/pt\/wp-json\/wp\/v2\/media?parent=27278"}],"wp:term":[{"taxonomy":"category","embeddable":true,"href":"https:\/\/jid.org\/pt\/wp-json\/wp\/v2\/categories?post=27278"},{"taxonomy":"post_tag","embeddable":true,"href":"https:\/\/jid.org\/pt\/wp-json\/wp\/v2\/tags?post=27278"},{"taxonomy":"destacado","embeddable":true,"href":"https:\/\/jid.org\/pt\/wp-json\/wp\/v2\/destacado?post=27278"}],"curies":[{"name":"wp","href":"https:\/\/api.w.org\/{rel}","templated":true}]}}