{"id":27297,"date":"2020-05-27T20:26:05","date_gmt":"2020-05-28T00:26:05","guid":{"rendered":"https:\/\/opanlcom-cp6.wordpresstemporal.com\/JID\/?p=27297"},"modified":"2020-06-03T09:27:15","modified_gmt":"2020-06-03T13:27:15","slug":"jid-hace-presentacion-sobre-covid-19-ante-el-consejo-permanente-de-la-oea","status":"publish","type":"post","link":"https:\/\/jid.org\/pt\/jid-hace-presentacion-sobre-covid-19-ante-el-consejo-permanente-de-la-oea\/","title":{"rendered":"JID faz apresenta\u00e7\u00e3o sobre a COVID-19 perante o Conselho Permanente da OEA"},"content":{"rendered":"<p>A Junta Interamericana de Defesa (JID), representada pelo Presidente do Conselho de Delegados, <strong>General de Divis\u00e3o Luciano Jos\u00e9 Penna<\/strong>, e o Diretor do Col\u00e9gio Interamericano de Defesa (CID), <strong>Brigadeiro General James E. Taylor<\/strong>, fez uma apresenta\u00e7\u00e3o, por videoconfer\u00eancia, sobre os impactos da pandemia da COVID-19 no Hemisf\u00e9rio Ocidental para o Conselho Permanente da Organiza\u00e7\u00e3o dos Estados Americanos (OEA).<\/p>\n\n\n\n<p>Na ocasi\u00e3o, o General Luciano refor\u00e7ou o compromisso da JID com a OEA ao anunciar as principais a\u00e7\u00f5es das For\u00e7as Armadas dos pa\u00edses membros no combate \u00e0 pandemia e ao reportar os resultados da Confer\u00eancia virtual sobre desafios militares em tempos de crise.<\/p>\n\n\n\n<p>Por sua vez, o General Taylor enfatizou que o distanciamento social na maioria dos pa\u00edses americanos reduziu as mortes. Informou ainda que a primeira onda da COVID-19 no continente americano, como um todo, dever\u00e1 terminar no in\u00edcio de agosto. No entanto, apontou a possibilidade de, no final de outubro, ocorrer um segundo pico da doen\u00e7a nos pa\u00edses localizados no norte do mundo, altura em que se verifica a redu\u00e7\u00e3o da temperatura nestes locais. Nesse sentido, referiu ainda que ondas c\u00edclicas da doen\u00e7a podem continuar a ocorrer at\u00e9 2022.<\/p>\n\n\n\n<h3 class=\"has-text-align-center wp-block-heading\">Fotos<\/h3>\n\n\n\n<figure class=\"wp-block-gallery columns-2 is-cropped wp-block-gallery-1 is-layout-flex wp-block-gallery-is-layout-flex\"><ul class=\"blocks-gallery-grid\"><li class=\"blocks-gallery-item\"><figure><img fetchpriority=\"high\" decoding=\"async\" width=\"640\" height=\"348\" src=\"jid.org\/wp-content\/uploads\/2020\/05\/IMG_2170.jpg\" alt=\"\" data-id=\"27378\" data-full-url=\"jid.org\/wp-content\/uploads\/2020\/05\/IMG_2170.jpg\" data-link=\"jid.org\/?attachment_id=27378\" class=\"wp-image-27378\" srcset=\"https:\/\/jid.org\/wp-content\/uploads\/2020\/05\/IMG_2170.jpg 640w, https:\/\/jid.org\/wp-content\/uploads\/2020\/05\/IMG_2170-300x163.jpg 300w\" sizes=\"(max-width: 640px) 100vw, 640px\" \/><\/figure><\/li><li class=\"blocks-gallery-item\"><figure><img decoding=\"async\" width=\"640\" height=\"551\" src=\"jid.org\/wp-content\/uploads\/2020\/05\/IMG_2167.jpg\" alt=\"\" data-id=\"27377\" data-full-url=\"jid.org\/wp-content\/uploads\/2020\/05\/IMG_2167.jpg\" data-link=\"jid.org\/?attachment_id=27377\" class=\"wp-image-27377\" srcset=\"https:\/\/jid.org\/wp-content\/uploads\/2020\/05\/IMG_2167.jpg 640w, https:\/\/jid.org\/wp-content\/uploads\/2020\/05\/IMG_2167-300x258.jpg 300w\" sizes=\"(max-width: 640px) 100vw, 640px\" \/><\/figure><\/li><\/ul><\/figure>","protected":false},"excerpt":{"rendered":"<p>A Junta Interamericana de Defesa (JID), representada pelo Presidente do Conselho de Delegados, General de Brigada Luciano Jos\u00e9 Penna, e pelo Diretor do Col\u00e9gio Interamericano de Defesa (CID), Brigadeiro-General James E. Taylor, fez uma apresenta\u00e7\u00e3o , por videoconfer\u00eancia, sobre os impactos da pandemia de COVID-19 no Hemisf\u00e9rio Ocidental para o Conselho [\u2026]<\/p>","protected":false},"author":28,"featured_media":27376,"comment_status":"closed","ping_status":"closed","sticky":false,"template":"","format":"standard","meta":{"footnotes":""},"categories":[13],"tags":[],"destacado":[],"class_list":["post-27297","post","type-post","status-publish","format-standard","has-post-thumbnail","hentry","category-noticias"],"_links":{"self":[{"href":"https:\/\/jid.org\/pt\/wp-json\/wp\/v2\/posts\/27297","targetHints":{"allow":["GET"]}}],"collection":[{"href":"https:\/\/jid.org\/pt\/wp-json\/wp\/v2\/posts"}],"about":[{"href":"https:\/\/jid.org\/pt\/wp-json\/wp\/v2\/types\/post"}],"author":[{"embeddable":true,"href":"https:\/\/jid.org\/pt\/wp-json\/wp\/v2\/users\/28"}],"replies":[{"embeddable":true,"href":"https:\/\/jid.org\/pt\/wp-json\/wp\/v2\/comments?post=27297"}],"version-history":[{"count":0,"href":"https:\/\/jid.org\/pt\/wp-json\/wp\/v2\/posts\/27297\/revisions"}],"wp:featuredmedia":[{"embeddable":true,"href":"https:\/\/jid.org\/pt\/wp-json\/wp\/v2\/media\/27376"}],"wp:attachment":[{"href":"https:\/\/jid.org\/pt\/wp-json\/wp\/v2\/media?parent=27297"}],"wp:term":[{"taxonomy":"category","embeddable":true,"href":"https:\/\/jid.org\/pt\/wp-json\/wp\/v2\/categories?post=27297"},{"taxonomy":"post_tag","embeddable":true,"href":"https:\/\/jid.org\/pt\/wp-json\/wp\/v2\/tags?post=27297"},{"taxonomy":"destacado","embeddable":true,"href":"https:\/\/jid.org\/pt\/wp-json\/wp\/v2\/destacado?post=27297"}],"curies":[{"name":"wp","href":"https:\/\/api.w.org\/{rel}","templated":true}]}}