{"id":2747,"date":"2018-11-07T10:26:33","date_gmt":"2018-11-07T15:26:33","guid":{"rendered":"https:\/\/opanlcom-cp6.wordpresstemporal.com\/JID\/?p=2747"},"modified":"2023-10-05T18:23:07","modified_gmt":"2023-10-05T22:23:07","slug":"participacion-del-director-general-de-la-secretaria-de-la-jid-en-el-panel-de-discusion-sobre-el-cambio-climatico-y-su-resiliencia-en-las-americas","status":"publish","type":"post","link":"https:\/\/jid.org\/pt\/participacion-del-director-general-de-la-secretaria-de-la-jid-en-el-panel-de-discusion-sobre-el-cambio-climatico-y-su-resiliencia-en-las-americas\/","title":{"rendered":"Participa\u00e7\u00e3o do Diretor Geral da Secretaria da JID no Painel de Discuss\u00e3o sobre Mudan\u00e7as Clim\u00e1ticas e sua Resili\u00eancia nas Am\u00e9ricas"},"content":{"rendered":"<p>No dia 5 de novembro de 2018, no local ocupado pela Embaixada do Canad\u00e1 nos Estados Unidos, o General Stephen Lacroix, Diretor Geral da Secretaria da Junta Interamericana de Defesa (JID), participou do Painel de Discuss\u00e3o sobre Mudan\u00e7as Clim\u00e1ticas e sua Resili\u00eancia nas Am\u00e9ricas. Neste evento esteve acompanhado pelo Assessor da Se\u00e7\u00e3o de Situa\u00e7\u00e3o Hemisf\u00e9rica da Divis\u00e3o de An\u00e1lise e Monitoramento da Informa\u00e7\u00e3o da JID. A anfitri\u00e3 deste evento foi a Embaixadora da Miss\u00e3o Permanente do Canad\u00e1 junto \u00e0 Organiza\u00e7\u00e3o dos Estados Americanos (OEA), Sua Excel\u00eancia Jennifer Loten.<\/p>\n<p>Os ilustres painelistas foram o Ex-Presidente da Costa Rica, Sua Excel\u00eancia Jos\u00e9 Mar\u00eda Figueres, a Embaixadora Canadense para Mudan\u00e7as Clim\u00e1ticas, Sua Excel\u00eancia Patricia Fuller, bem como a Diretora Executiva para Bahamas, Barbados, Guiana, Jamaica, Trinidad e Tobago na Confer\u00eancia Interamericana. Banco de Desenvolvimento, SE Selvin Hart.<\/p>\n<p>O tema central foram medidas de preven\u00e7\u00e3o contra emiss\u00f5es de gases de efeito estufa que afetam o aquecimento dos oceanos. O objectivo final \u00e9 prevenir o aumento da temperatura dos oceanos para evitar a destrui\u00e7\u00e3o gradual das zonas costeiras habit\u00e1veis e reduzir os desastres naturais em grande escala.<\/p>\n<h3 style=\"text-align: center;\">foto<\/h3>\n<p><img fetchpriority=\"high\" decoding=\"async\" class=\"size-medium wp-image-2745 aligncenter\" src=\"jid.org\/wp-content\/uploads\/2018\/11\/Cambio_climatico_01-1-197x300.jpg\" alt=\"\" width=\"197\" height=\"300\" srcset=\"https:\/\/jid.org\/wp-content\/uploads\/2018\/11\/Cambio_climatico_01-1-197x300.jpg 197w, https:\/\/jid.org\/wp-content\/uploads\/2018\/11\/Cambio_climatico_01-1.jpg 367w\" sizes=\"(max-width: 197px) 100vw, 197px\" \/><\/p>","protected":false},"excerpt":{"rendered":"<p>No dia 5 de novembro de 2018, no local ocupado pela Embaixada do Canad\u00e1 nos Estados Unidos, o General Stephen Lacroix, Diretor Geral da Secretaria da Junta Interamericana de Defesa (JID), participou do Painel de Discuss\u00e3o sobre Mudan\u00e7as Clim\u00e1ticas e sua Resili\u00eancia nas Am\u00e9ricas. Ele o acompanhou neste evento [\u2026]<\/p>","protected":false},"author":28,"featured_media":2744,"comment_status":"closed","ping_status":"closed","sticky":false,"template":"","format":"standard","meta":{"footnotes":""},"categories":[13],"tags":[],"destacado":[],"class_list":["post-2747","post","type-post","status-publish","format-standard","has-post-thumbnail","hentry","category-noticias"],"_links":{"self":[{"href":"https:\/\/jid.org\/pt\/wp-json\/wp\/v2\/posts\/2747","targetHints":{"allow":["GET"]}}],"collection":[{"href":"https:\/\/jid.org\/pt\/wp-json\/wp\/v2\/posts"}],"about":[{"href":"https:\/\/jid.org\/pt\/wp-json\/wp\/v2\/types\/post"}],"author":[{"embeddable":true,"href":"https:\/\/jid.org\/pt\/wp-json\/wp\/v2\/users\/28"}],"replies":[{"embeddable":true,"href":"https:\/\/jid.org\/pt\/wp-json\/wp\/v2\/comments?post=2747"}],"version-history":[{"count":1,"href":"https:\/\/jid.org\/pt\/wp-json\/wp\/v2\/posts\/2747\/revisions"}],"predecessor-version":[{"id":39093,"href":"https:\/\/jid.org\/pt\/wp-json\/wp\/v2\/posts\/2747\/revisions\/39093"}],"wp:featuredmedia":[{"embeddable":true,"href":"https:\/\/jid.org\/pt\/wp-json\/wp\/v2\/media\/2744"}],"wp:attachment":[{"href":"https:\/\/jid.org\/pt\/wp-json\/wp\/v2\/media?parent=2747"}],"wp:term":[{"taxonomy":"category","embeddable":true,"href":"https:\/\/jid.org\/pt\/wp-json\/wp\/v2\/categories?post=2747"},{"taxonomy":"post_tag","embeddable":true,"href":"https:\/\/jid.org\/pt\/wp-json\/wp\/v2\/tags?post=2747"},{"taxonomy":"destacado","embeddable":true,"href":"https:\/\/jid.org\/pt\/wp-json\/wp\/v2\/destacado?post=2747"}],"curies":[{"name":"wp","href":"https:\/\/api.w.org\/{rel}","templated":true}]}}