{"id":2779,"date":"2018-11-15T09:50:28","date_gmt":"2018-11-15T14:50:28","guid":{"rendered":"https:\/\/opanlcom-cp6.wordpresstemporal.com\/JID\/?p=2779"},"modified":"2018-12-12T11:27:05","modified_gmt":"2018-12-12T16:27:05","slug":"participacion-del-liderazgo-de-la-jid-en-la-conmemoracion-del-remembrance-day-en-la-embajada-de-canada","status":"publish","type":"post","link":"https:\/\/jid.org\/pt\/participacion-del-liderazgo-de-la-jid-en-la-conmemoracion-del-remembrance-day-en-la-embajada-de-canada\/","title":{"rendered":"Participa\u00e7\u00e3o da Lideran\u00e7a da JID na Comemora\u00e7\u00e3o do \u201cDia da Mem\u00f3ria\u201d na Embaixada do Canad\u00e1"},"content":{"rendered":"<p>No dia 11 de novembro deste ano, os Brigadeiros-Generais Luis Rodr\u00edguez Bucio, Presidente do Conselho de Delegados da Junta Interamericana de Defesa (JID) e Stephen Lacroix, Diretor Geral da Secretaria da JID, participaram da cerim\u00f4nia comemorativa do \u201cDia da Mem\u00f3ria\u201d na Embaixada do Canad\u00e1.<\/p>\n<p>Esta cerim\u00f3nia \u00e9 realizada para comemorar o dia em que terminaram os combates da Primeira Guerra Mundial, de acordo com a assinatura do armist\u00edcio correspondente e para homenagear os ca\u00eddos das For\u00e7as Armadas Canadianas durante as guerras e miss\u00f5es de paz. A Dire\u00e7\u00e3o desta Organiza\u00e7\u00e3o apresentou uma coroa de flores em nome da JID.<\/p>","protected":false},"excerpt":{"rendered":"<p>No dia 11 de novembro deste ano, os Brigadeiros-Generais Luis Rodr\u00edguez Bucio, Presidente do Conselho de Delegados da Junta Interamericana de Defesa (JID) e Stephen Lacroix, Diretor Geral da Secretaria da JID, participaram da cerim\u00f4nia comemorativa do \u201cDia da Mem\u00f3ria\u201d na Embaixada de [\u2026]<\/p>","protected":false},"author":28,"featured_media":2852,"comment_status":"closed","ping_status":"closed","sticky":false,"template":"","format":"standard","meta":{"footnotes":""},"categories":[13],"tags":[],"destacado":[],"class_list":["post-2779","post","type-post","status-publish","format-standard","has-post-thumbnail","hentry","category-noticias"],"_links":{"self":[{"href":"https:\/\/jid.org\/pt\/wp-json\/wp\/v2\/posts\/2779","targetHints":{"allow":["GET"]}}],"collection":[{"href":"https:\/\/jid.org\/pt\/wp-json\/wp\/v2\/posts"}],"about":[{"href":"https:\/\/jid.org\/pt\/wp-json\/wp\/v2\/types\/post"}],"author":[{"embeddable":true,"href":"https:\/\/jid.org\/pt\/wp-json\/wp\/v2\/users\/28"}],"replies":[{"embeddable":true,"href":"https:\/\/jid.org\/pt\/wp-json\/wp\/v2\/comments?post=2779"}],"version-history":[{"count":0,"href":"https:\/\/jid.org\/pt\/wp-json\/wp\/v2\/posts\/2779\/revisions"}],"wp:featuredmedia":[{"embeddable":true,"href":"https:\/\/jid.org\/pt\/wp-json\/wp\/v2\/media\/2852"}],"wp:attachment":[{"href":"https:\/\/jid.org\/pt\/wp-json\/wp\/v2\/media?parent=2779"}],"wp:term":[{"taxonomy":"category","embeddable":true,"href":"https:\/\/jid.org\/pt\/wp-json\/wp\/v2\/categories?post=2779"},{"taxonomy":"post_tag","embeddable":true,"href":"https:\/\/jid.org\/pt\/wp-json\/wp\/v2\/tags?post=2779"},{"taxonomy":"destacado","embeddable":true,"href":"https:\/\/jid.org\/pt\/wp-json\/wp\/v2\/destacado?post=2779"}],"curies":[{"name":"wp","href":"https:\/\/api.w.org\/{rel}","templated":true}]}}