{"id":2917,"date":"2018-12-17T13:34:51","date_gmt":"2018-12-17T18:34:51","guid":{"rendered":"https:\/\/opanlcom-cp6.wordpresstemporal.com\/JID\/?p=2917"},"modified":"2018-12-17T13:34:51","modified_gmt":"2018-12-17T18:34:51","slug":"conferencia-esfuerzos-para-aumentar-la-capacidad-de-respuesta-de-la-region-frente-a-desastres-naturales-2","status":"publish","type":"post","link":"https:\/\/jid.org\/pt\/conferencia-esfuerzos-para-aumentar-la-capacidad-de-respuesta-de-la-region-frente-a-desastres-naturales-2\/","title":{"rendered":"Confer\u00eancia: Esfor\u00e7os para aumentar a capacidade de resposta da regi\u00e3o contra desastres naturais"},"content":{"rendered":"<p>No dia 5 de dezembro de 2018 foi realizada a Confer\u00eancia: \u201cEsfor\u00e7os para aumentar a capacidade de resposta da regi\u00e3o contra desastres naturais\u201d nas instala\u00e7\u00f5es da Casa del Soldado, que teve como objetivo geral conhecer as capacidades, recursos e material humano de alguns pa\u00edses do continente. em resposta r\u00e1pida a desastres naturais, para ajudar a criar essas capacidades nos pa\u00edses menos resilientes do Hemisf\u00e9rio em termos de resposta a desastres naturais. Isto est\u00e1 em conformidade com o mandato emitido pela OEA para apoiar os esfor\u00e7os da regi\u00e3o destinados a aumentar a capacidade de resposta e mitiga\u00e7\u00e3o de desastres como parte da a\u00e7\u00e3o hemisf\u00e9rica para enfrentar esses desafios.<br \/>\nParticiparam deste evento as Delega\u00e7\u00f5es dos Pa\u00edses Membros da OEA e da JID, representa\u00e7\u00f5es de Organiza\u00e7\u00f5es Internacionais e Organiza\u00e7\u00f5es N\u00e3o Governamentais (ONGs), bem como membros das embaixadas bilaterais nos EUA; contando tamb\u00e9m com a participa\u00e7\u00e3o do Comit\u00ea Interamericano para Redu\u00e7\u00e3o de Desastres Naturais da OEA (CIRDN), Ag\u00eancia dos Estados Unidos para o Desenvolvimento Internacional (USAID), Organiza\u00e7\u00e3o Pan-Americana da Sa\u00fade (Organiza\u00e7\u00e3o Pan-Americana da Sa\u00fade \u2013 OPAS), Unidade Nacional de Gest\u00e3o de Riscos de Desastres da Col\u00f4mbia (UNGRD) e outros especialistas no tema.<br \/>\nComo ponentes se cont\u00f3 con la participaci\u00f3n de los especialistas en el tema as\u00ed: Dr. Mark Hamilton, miembro de la Facultad del Colegio Interamericano de Defensa (CID), quien expuso \u201cUna visi\u00f3n multidimensional de los desastres naturales y su relaci\u00f3n con otras amenazas del continente americano&quot;. A participa\u00e7\u00e3o do General de Brigada Juan Carlos Alem\u00e1n Soto, Chefe da Delega\u00e7\u00e3o Militar da Guatemala junto \u00e0 OEA, que fez a apresenta\u00e7\u00e3o sobre \u201cAs li\u00e7\u00f5es aprendidas com o desastre natural apresentado na erup\u00e7\u00e3o do vulc\u00e3o El Fuego, na Guatemala\u201d. Assim como o Brigadeiro General Luis Emilio Cardozo Santamar\u00eda, Comandante do Comando de Engenharia do Ex\u00e9rcito Nacional da Col\u00f4mbia, fez a apresenta\u00e7\u00e3o com o tema \u201cOrganiza\u00e7\u00e3o, capacidades e proje\u00e7\u00e3o do Batalh\u00e3o de Resposta a Desastres do Ex\u00e9rcito Colombiano\u201d. E por \u00faltimo, o Doutor Eduardo Jos\u00e9 Gonz\u00e1lez, Diretor da Unidade Nacional de Gest\u00e3o de Risco de Desastres (UNGRD), que encerrou a confer\u00eancia com o tema \u201cOrganiza\u00e7\u00e3o da UNGRD da Col\u00f4mbia, suas experi\u00eancias, capacidades e proje\u00e7\u00f5es\u201d.<br \/>\nRelativamente \u00e0 \u00faltima confer\u00eancia acima referida, as conclus\u00f5es not\u00e1veis foram a necessidade de olhar para al\u00e9m da resposta, ter uma vis\u00e3o mais ampla, ou seja, uma vis\u00e3o estrat\u00e9gica com foco na seguran\u00e7a multidimensional, focar os planos de desenvolvimento de cada pa\u00eds na seguran\u00e7a humana, na seguran\u00e7a sanit\u00e1ria e seguran\u00e7a p\u00fablica. Da mesma forma, no que diz respeito \u00e0s li\u00e7\u00f5es aprendidas, concluiu-se a import\u00e2ncia de os pa\u00edses da regi\u00e3o terem os equipamentos necess\u00e1rios para lidar com situa\u00e7\u00f5es de emerg\u00eancia que surgem em termos de desastres naturais, desastres e situa\u00e7\u00f5es dif\u00edceis unem o pa\u00eds que sofre o referido flagelo. Em rela\u00e7\u00e3o ao Batalh\u00e3o de Desastres Colombiano, concluiu-se que a sua forma\u00e7\u00e3o, forma\u00e7\u00e3o e certifica\u00e7\u00e3o s\u00e3o de vital import\u00e2ncia para a capacidade de resposta que um pa\u00eds pode ter em situa\u00e7\u00f5es de desastres naturais, aprendendo com a experi\u00eancia e a unifica\u00e7\u00e3o das diferentes organiza\u00e7\u00f5es sob uma \u00fanica institui\u00e7\u00e3o. maior resili\u00eancia, capacidade de resposta e mitiga\u00e7\u00e3o dos efeitos dos desastres naturais. A Escola de Engenheiros Militares do Ex\u00e9rcito Nacional da Col\u00f4mbia oferece o mestrado em Gest\u00e3o e Desenvolvimento de Riscos, al\u00e9m do Curso de Gest\u00e3o de Riscos de Desastres e do Curso Avan\u00e7ado de Guia Canino. Finalmente, concluiu-se que a lei criada na Col\u00f4mbia para a Unidade Nacional de Gest\u00e3o de Riscos de Desastres garantiu recursos a n\u00edvel Municipal, Departamental e Nacional, al\u00e9m de fornecer prote\u00e7\u00e3o financeira, preventiva e corretiva para a resposta a desastres no referido pa\u00eds.<\/p>\n<h3 style=\"text-align: center\">Fotos<\/h3>\n<p>&nbsp;<\/p>\n<div id='gallery-1' class='gallery galleryid-2917 gallery-columns-2 gallery-size-medium'><figure class='gallery-item'>\n\t\t\t<div class='gallery-icon landscape'>\n\t\t\t\t<a href='https:\/\/jid.org\/wp-content\/uploads\/2018\/12\/Conf-Desastres-naturales_05.jpg'><img decoding=\"async\" width=\"300\" height=\"165\" src=\"https:\/\/jid.org\/wp-content\/uploads\/2018\/12\/Conf-Desastres-naturales_05-300x165.jpg\" class=\"attachment-medium size-medium\" alt=\"\" srcset=\"https:\/\/jid.org\/wp-content\/uploads\/2018\/12\/Conf-Desastres-naturales_05-300x165.jpg 300w, https:\/\/jid.org\/wp-content\/uploads\/2018\/12\/Conf-Desastres-naturales_05-768x422.jpg 768w, https:\/\/jid.org\/wp-content\/uploads\/2018\/12\/Conf-Desastres-naturales_05.jpg 800w\" sizes=\"(max-width: 300px) 100vw, 300px\" \/><\/a>\n\t\t\t<\/div><\/figure><figure class='gallery-item'>\n\t\t\t<div class='gallery-icon landscape'>\n\t\t\t\t<a href='https:\/\/jid.org\/wp-content\/uploads\/2018\/12\/Conf-Desastres-naturales_04.jpg'><img decoding=\"async\" width=\"300\" height=\"165\" src=\"https:\/\/jid.org\/wp-content\/uploads\/2018\/12\/Conf-Desastres-naturales_04-300x165.jpg\" class=\"attachment-medium size-medium\" alt=\"\" srcset=\"https:\/\/jid.org\/wp-content\/uploads\/2018\/12\/Conf-Desastres-naturales_04-300x165.jpg 300w, https:\/\/jid.org\/wp-content\/uploads\/2018\/12\/Conf-Desastres-naturales_04-768x422.jpg 768w, https:\/\/jid.org\/wp-content\/uploads\/2018\/12\/Conf-Desastres-naturales_04.jpg 800w\" sizes=\"(max-width: 300px) 100vw, 300px\" \/><\/a>\n\t\t\t<\/div><\/figure><figure class='gallery-item'>\n\t\t\t<div class='gallery-icon landscape'>\n\t\t\t\t<a href='https:\/\/jid.org\/wp-content\/uploads\/2018\/12\/Conf-Desastres-naturales_03.jpg'><img decoding=\"async\" width=\"300\" height=\"165\" src=\"https:\/\/jid.org\/wp-content\/uploads\/2018\/12\/Conf-Desastres-naturales_03-300x165.jpg\" class=\"attachment-medium size-medium\" alt=\"\" srcset=\"https:\/\/jid.org\/wp-content\/uploads\/2018\/12\/Conf-Desastres-naturales_03-300x165.jpg 300w, https:\/\/jid.org\/wp-content\/uploads\/2018\/12\/Conf-Desastres-naturales_03-768x422.jpg 768w, https:\/\/jid.org\/wp-content\/uploads\/2018\/12\/Conf-Desastres-naturales_03.jpg 800w\" sizes=\"(max-width: 300px) 100vw, 300px\" \/><\/a>\n\t\t\t<\/div><\/figure><figure class='gallery-item'>\n\t\t\t<div class='gallery-icon landscape'>\n\t\t\t\t<a href='https:\/\/jid.org\/wp-content\/uploads\/2018\/12\/Conf-Desastres-naturales_02.jpg'><img loading=\"lazy\" decoding=\"async\" width=\"300\" height=\"165\" src=\"https:\/\/jid.org\/wp-content\/uploads\/2018\/12\/Conf-Desastres-naturales_02-300x165.jpg\" class=\"attachment-medium size-medium\" alt=\"\" srcset=\"https:\/\/jid.org\/wp-content\/uploads\/2018\/12\/Conf-Desastres-naturales_02-300x165.jpg 300w, https:\/\/jid.org\/wp-content\/uploads\/2018\/12\/Conf-Desastres-naturales_02-768x422.jpg 768w, https:\/\/jid.org\/wp-content\/uploads\/2018\/12\/Conf-Desastres-naturales_02.jpg 800w\" sizes=\"(max-width: 300px) 100vw, 300px\" \/><\/a>\n\t\t\t<\/div><\/figure>\n\t\t<\/div>","protected":false},"excerpt":{"rendered":"<p>No dia 5 de dezembro de 2018 foi realizada a Confer\u00eancia: \u201cEsfor\u00e7os para aumentar a capacidade de resposta da regi\u00e3o contra desastres naturais\u201d nas instala\u00e7\u00f5es da Casa del Soldado, que teve como objetivo geral conhecer as capacidades, recursos e material humano de alguns pa\u00edses do continente. em resposta r\u00e1pida [\u2026]<\/p>","protected":false},"author":28,"featured_media":2912,"comment_status":"closed","ping_status":"closed","sticky":false,"template":"","format":"standard","meta":{"footnotes":""},"categories":[13],"tags":[],"destacado":[],"class_list":["post-2917","post","type-post","status-publish","format-standard","has-post-thumbnail","hentry","category-noticias"],"_links":{"self":[{"href":"https:\/\/jid.org\/pt\/wp-json\/wp\/v2\/posts\/2917","targetHints":{"allow":["GET"]}}],"collection":[{"href":"https:\/\/jid.org\/pt\/wp-json\/wp\/v2\/posts"}],"about":[{"href":"https:\/\/jid.org\/pt\/wp-json\/wp\/v2\/types\/post"}],"author":[{"embeddable":true,"href":"https:\/\/jid.org\/pt\/wp-json\/wp\/v2\/users\/28"}],"replies":[{"embeddable":true,"href":"https:\/\/jid.org\/pt\/wp-json\/wp\/v2\/comments?post=2917"}],"version-history":[{"count":0,"href":"https:\/\/jid.org\/pt\/wp-json\/wp\/v2\/posts\/2917\/revisions"}],"wp:featuredmedia":[{"embeddable":true,"href":"https:\/\/jid.org\/pt\/wp-json\/wp\/v2\/media\/2912"}],"wp:attachment":[{"href":"https:\/\/jid.org\/pt\/wp-json\/wp\/v2\/media?parent=2917"}],"wp:term":[{"taxonomy":"category","embeddable":true,"href":"https:\/\/jid.org\/pt\/wp-json\/wp\/v2\/categories?post=2917"},{"taxonomy":"post_tag","embeddable":true,"href":"https:\/\/jid.org\/pt\/wp-json\/wp\/v2\/tags?post=2917"},{"taxonomy":"destacado","embeddable":true,"href":"https:\/\/jid.org\/pt\/wp-json\/wp\/v2\/destacado?post=2917"}],"curies":[{"name":"wp","href":"https:\/\/api.w.org\/{rel}","templated":true}]}}