{"id":29840,"date":"2021-02-19T17:03:00","date_gmt":"2021-02-19T22:03:00","guid":{"rendered":"https:\/\/opanlcom-cp6.wordpresstemporal.com\/JID\/?p=29840"},"modified":"2024-09-10T09:06:59","modified_gmt":"2024-09-10T13:06:59","slug":"seminario-de-derechos-humanos-y-derecho-internacional-humanitario-para-las-fuerzas-armadas-del-hemisferio-occidental","status":"publish","type":"post","link":"https:\/\/jid.org\/pt\/seminario-de-derechos-humanos-y-derecho-internacional-humanitario-para-las-fuerzas-armadas-del-hemisferio-occidental\/","title":{"rendered":"Semin\u00e1rio sobre Direitos Humanos e Direito Internacional Humanit\u00e1rio para as For\u00e7as Armadas do Hemisf\u00e9rio Ocidental \u2013 24 de mar\u00e7o"},"content":{"rendered":"<p>A Junta Interamericana de Defesa (JID), em coordena\u00e7\u00e3o com a Comiss\u00e3o Interamericana de Direitos Humanos (CIDH) e o Comit\u00ea Internacional da Cruz Vermelha (CICV), realizar\u00e1 o Semin\u00e1rio sobre Direitos Humanos e Direito Internacional Humanit\u00e1rio para as Armadas For\u00e7as do Hemisf\u00e9rio Ocidental.<\/p>\n\n\n\n<p>O semin\u00e1rio visa promover e fortalecer o respeito aos Direitos Humanos e ao Direito Internacional Humanit\u00e1rio nas For\u00e7as Armadas, ajudando as unidades operacionais e Centros de Pensamento dos pa\u00edses membros a terem acesso \u00e0s li\u00e7\u00f5es aprendidas em Direitos Humanos e Direito Internacional Humanit\u00e1rio.<\/p>\n\n\n\n<p>Esta atividade \u00e9 dirigida a membros da OEA, Delegados do Conselho de Delegados da JID, militares em geral, no n\u00edvel t\u00e1tico e operacional, funcion\u00e1rios dos Centros de Pensamento e institui\u00e7\u00f5es governamentais.<\/p>\n\n\n\n<p><strong>Mais informa\u00e7\u00e3o:<\/strong> Coronel Santolalla \u2013 e-mail: santolalla.guillermo@opanlcom-cp6.wordpresstemporal.com <\/p>\n\n\n\n<p>                                 Coronel Disla \u2013 e-mail: dislaG@opanlcom-cp6.wordpresstemporal.com<\/p>\n\n\n\n<p><strong>QUANDO<\/strong>: 24 de mar\u00e7o das 9h \u00e0s 13h<\/p>\n\n\n\n<p><strong>ONDE<\/strong>: Virtual.<\/p>\n\n\n\n<p><\/p>\n\n\n\n<div class=\"wp-block-file\"><a href=\"jid.org\/wp-content\/uploads\/2021\/03\/Curriculum-Vitae-de-los-ponentes.pdf\"><span class=\"has-inline-color has-black-color\">Curriculum vitae dos palestrantes:<\/span> Curriculum-Vitae-dos-palestrantes<\/a><a href=\"jid.org\/wp-content\/uploads\/2021\/03\/Curriculum-Vitae-de-los-ponentes.pdf\" class=\"wp-block-file__button\" download>Download<\/a><\/div>\n\n\n\n<p class=\"has-pale-cyan-blue-background-color has-background\"><strong><strong>Inscri\u00e7\u00f5es encerradas.<\/strong><\/strong><\/p>\n\n\n\n<p class=\"has-text-align-center\"><strong><span style=\"text-decoration: underline\" class=\"ek-underline\">DI\u00c1RIO<\/span><\/strong><\/p>\n\n\n\n<figure class=\"wp-block-gallery has-nested-images columns-default is-cropped wp-block-gallery-1 is-layout-flex wp-block-gallery-is-layout-flex\">\n<figure class=\"wp-block-image size-large\"><img fetchpriority=\"high\" decoding=\"async\" width=\"977\" height=\"679\" data-id=\"30215\" src=\"https:\/\/jid.org\/wp-content\/uploads\/2021\/03\/Agenda-Seminario-de-DDHH-ESPANHOL-ALT.jpg\" alt=\"\" class=\"wp-image-30215\" srcset=\"https:\/\/jid.org\/wp-content\/uploads\/2021\/03\/Agenda-Seminario-de-DDHH-ESPANHOL-ALT.jpg 977w, https:\/\/jid.org\/wp-content\/uploads\/2021\/03\/Agenda-Seminario-de-DDHH-ESPANHOL-ALT-300x208.jpg 300w, https:\/\/jid.org\/wp-content\/uploads\/2021\/03\/Agenda-Seminario-de-DDHH-ESPANHOL-ALT-768x534.jpg 768w, https:\/\/jid.org\/wp-content\/uploads\/2021\/03\/Agenda-Seminario-de-DDHH-ESPANHOL-ALT-392x272.jpg 392w, https:\/\/jid.org\/wp-content\/uploads\/2021\/03\/Agenda-Seminario-de-DDHH-ESPANHOL-ALT-130x90.jpg 130w\" sizes=\"(max-width: 977px) 100vw, 977px\" \/><\/figure>\n<\/figure>","protected":false},"excerpt":{"rendered":"<p>A Junta Interamericana de Defesa (JID), em coordena\u00e7\u00e3o com a Comiss\u00e3o Interamericana de Direitos Humanos (CIDH) e o Comit\u00ea Internacional da Cruz Vermelha (CICV), realizar\u00e1 o Semin\u00e1rio sobre Direitos Humanos e Direito Internacional Humanit\u00e1rio para as Armadas For\u00e7as do Hemisf\u00e9rio Ocidental. O semin\u00e1rio visa promover e refor\u00e7ar o respeito pelos Direitos [\u2026]<\/p>","protected":false},"author":28,"featured_media":29917,"comment_status":"closed","ping_status":"closed","sticky":false,"template":"","format":"standard","meta":{"footnotes":""},"categories":[13],"tags":[],"destacado":[],"class_list":["post-29840","post","type-post","status-publish","format-standard","has-post-thumbnail","hentry","category-noticias"],"_links":{"self":[{"href":"https:\/\/jid.org\/pt\/wp-json\/wp\/v2\/posts\/29840","targetHints":{"allow":["GET"]}}],"collection":[{"href":"https:\/\/jid.org\/pt\/wp-json\/wp\/v2\/posts"}],"about":[{"href":"https:\/\/jid.org\/pt\/wp-json\/wp\/v2\/types\/post"}],"author":[{"embeddable":true,"href":"https:\/\/jid.org\/pt\/wp-json\/wp\/v2\/users\/28"}],"replies":[{"embeddable":true,"href":"https:\/\/jid.org\/pt\/wp-json\/wp\/v2\/comments?post=29840"}],"version-history":[{"count":1,"href":"https:\/\/jid.org\/pt\/wp-json\/wp\/v2\/posts\/29840\/revisions"}],"predecessor-version":[{"id":44747,"href":"https:\/\/jid.org\/pt\/wp-json\/wp\/v2\/posts\/29840\/revisions\/44747"}],"wp:featuredmedia":[{"embeddable":true,"href":"https:\/\/jid.org\/pt\/wp-json\/wp\/v2\/media\/29917"}],"wp:attachment":[{"href":"https:\/\/jid.org\/pt\/wp-json\/wp\/v2\/media?parent=29840"}],"wp:term":[{"taxonomy":"category","embeddable":true,"href":"https:\/\/jid.org\/pt\/wp-json\/wp\/v2\/categories?post=29840"},{"taxonomy":"post_tag","embeddable":true,"href":"https:\/\/jid.org\/pt\/wp-json\/wp\/v2\/tags?post=29840"},{"taxonomy":"destacado","embeddable":true,"href":"https:\/\/jid.org\/pt\/wp-json\/wp\/v2\/destacado?post=29840"}],"curies":[{"name":"wp","href":"https:\/\/api.w.org\/{rel}","templated":true}]}}