{"id":31342,"date":"2021-06-22T13:07:58","date_gmt":"2021-06-22T17:07:58","guid":{"rendered":"https:\/\/opanlcom-cp6.wordpresstemporal.com\/JID\/?p=31342"},"modified":"2021-06-22T13:08:02","modified_gmt":"2021-06-22T17:08:02","slug":"traspaso-de-la-presidencia-del-consejo-de-delegados-de-la-jid","status":"publish","type":"post","link":"https:\/\/jid.org\/pt\/traspaso-de-la-presidencia-del-consejo-de-delegados-de-la-jid\/","title":{"rendered":"Transfer\u00eancia da Presid\u00eancia do Conselho de Delegados da JID"},"content":{"rendered":"<p>Em 22 de junho de 2021, a Junta Interamericana de Defesa (JID) realizou a cerim\u00f4nia de transfer\u00eancia do cargo de Presidente do Conselho de Delegados da JID.<\/p>\n\n\n\n<p>A cerim\u00f4nia aconteceu na &quot;Casa del Soldado&quot; e foi presidida pelo Secret\u00e1rio-Geral da Organiza\u00e7\u00e3o dos Estados Americanos (OEA), Embaixador Luis Almagro, e contou com a presen\u00e7a da Presidente da Comiss\u00e3o de Seguran\u00e7a Hemisf\u00e9rica, Embaixadora Rita Claverie D\u00edaz de Sciolli , o Ministro de Estado de Minas e Energia do Brasil, Almirante Bento Albuquerque, e diversas autoridades civis e militares.<\/p>\n\n\n\n<p>Durante o evento, o Presidente do Conselho de Delegados da JID para o per\u00edodo entre 21 de junho de 2019 e 22 de junho de 2021, General de Divis\u00e3o Luciano Jos\u00e9 Penna, fez um breve relato hist\u00f3rico e apontou os desafios atuais da JID, em al\u00e9m de destacar a grande capacidade de adapta\u00e7\u00e3o e o importante trabalho de integra\u00e7\u00e3o entre as na\u00e7\u00f5es do hemisf\u00e9rio realizado nesta Junta.<\/p>\n\n\n\n<p>O Presidente eleito do Conselho de Delegados da JID, Vice-Almirante Alexandre Rabello de Faria, agradeceu aos Estados membros por sua elei\u00e7\u00e3o para o cargo de Presidente do Conselho de Delegados e a todos aqueles que prestigiaram a cerim\u00f4nia, e destacou a resist\u00eancia deste Conselho para o que ao longo de sua hist\u00f3ria.<\/p>\n\n\n\n<p>O Secret\u00e1rio-Geral da OEA, Embaixador Luis Almagro, destacou a import\u00e2ncia da JID para contribuir para a coexist\u00eancia pac\u00edfica entre os Estados do hemisf\u00e9rio, a defesa da democracia, o trabalho de ajuda humanit\u00e1ria e a mitiga\u00e7\u00e3o dos efeitos dos desastres naturais e da defesa. dos direitos humanos.<\/p>\n\n\n\n<p>A JID foi criada no Rio de Janeiro, Brasil, durante a Terceira Reuni\u00e3o de Consulta dos Ministros das Rela\u00e7\u00f5es Exteriores das 21 Rep\u00fablicas Americanas que faziam parte da Uni\u00e3o Pan-Americana.<\/p>\n\n\n\n<p>Atualmente, a JID conta com 29 estados membros e 8 pa\u00edses observadores.<\/p>\n\n\n\n<h2 class=\"has-text-align-center wp-block-heading\">Fotos<\/h2>\n\n\n\n<figure class=\"wp-block-gallery columns-2 is-cropped wp-block-gallery-1 is-layout-flex wp-block-gallery-is-layout-flex\"><ul class=\"blocks-gallery-grid\"><li class=\"blocks-gallery-item\"><figure><img fetchpriority=\"high\" decoding=\"async\" width=\"1024\" height=\"768\" src=\"jid.org\/wp-content\/uploads\/2021\/06\/FOTO-4-1024x768.jpg\" alt=\"\" data-id=\"31347\" data-full-url=\"jid.org\/wp-content\/uploads\/2021\/06\/FOTO-4.jpg\" data-link=\"jid.org\/?attachment_id=31347\" class=\"wp-image-31347\" srcset=\"https:\/\/jid.org\/wp-content\/uploads\/2021\/06\/FOTO-4-1024x768.jpg 1024w, https:\/\/jid.org\/wp-content\/uploads\/2021\/06\/FOTO-4-300x225.jpg 300w, https:\/\/jid.org\/wp-content\/uploads\/2021\/06\/FOTO-4-768x576.jpg 768w, https:\/\/jid.org\/wp-content\/uploads\/2021\/06\/FOTO-4.jpg 1080w\" sizes=\"(max-width: 1024px) 100vw, 1024px\" \/><\/figure><\/li><li class=\"blocks-gallery-item\"><figure><img decoding=\"async\" width=\"1024\" height=\"573\" src=\"jid.org\/wp-content\/uploads\/2021\/06\/FOTO-1-1024x573.png\" alt=\"\" data-id=\"31344\" data-full-url=\"jid.org\/wp-content\/uploads\/2021\/06\/FOTO-1.png\" data-link=\"jid.org\/?attachment_id=31344\" class=\"wp-image-31344\" srcset=\"https:\/\/jid.org\/wp-content\/uploads\/2021\/06\/FOTO-1-1024x573.png 1024w, https:\/\/jid.org\/wp-content\/uploads\/2021\/06\/FOTO-1-300x168.png 300w, https:\/\/jid.org\/wp-content\/uploads\/2021\/06\/FOTO-1-768x430.png 768w, https:\/\/jid.org\/wp-content\/uploads\/2021\/06\/FOTO-1.png 1233w\" sizes=\"(max-width: 1024px) 100vw, 1024px\" \/><\/figure><\/li><li class=\"blocks-gallery-item\"><figure><img decoding=\"async\" width=\"1024\" height=\"768\" src=\"jid.org\/wp-content\/uploads\/2021\/06\/FOTO-2-1024x768.jpg\" alt=\"\" data-id=\"31345\" data-full-url=\"jid.org\/wp-content\/uploads\/2021\/06\/FOTO-2.jpg\" data-link=\"jid.org\/?attachment_id=31345\" class=\"wp-image-31345\" srcset=\"https:\/\/jid.org\/wp-content\/uploads\/2021\/06\/FOTO-2-1024x768.jpg 1024w, https:\/\/jid.org\/wp-content\/uploads\/2021\/06\/FOTO-2-300x225.jpg 300w, https:\/\/jid.org\/wp-content\/uploads\/2021\/06\/FOTO-2-768x576.jpg 768w, https:\/\/jid.org\/wp-content\/uploads\/2021\/06\/FOTO-2.jpg 1080w\" sizes=\"(max-width: 1024px) 100vw, 1024px\" \/><\/figure><\/li><li class=\"blocks-gallery-item\"><figure><img loading=\"lazy\" decoding=\"async\" width=\"1024\" height=\"768\" src=\"jid.org\/wp-content\/uploads\/2021\/06\/FOTO-3-1024x768.jpg\" alt=\"\" data-id=\"31346\" data-full-url=\"jid.org\/wp-content\/uploads\/2021\/06\/FOTO-3.jpg\" data-link=\"jid.org\/?attachment_id=31346\" class=\"wp-image-31346\" srcset=\"https:\/\/jid.org\/wp-content\/uploads\/2021\/06\/FOTO-3-1024x768.jpg 1024w, https:\/\/jid.org\/wp-content\/uploads\/2021\/06\/FOTO-3-300x225.jpg 300w, https:\/\/jid.org\/wp-content\/uploads\/2021\/06\/FOTO-3-768x576.jpg 768w, https:\/\/jid.org\/wp-content\/uploads\/2021\/06\/FOTO-3.jpg 1080w\" sizes=\"(max-width: 1024px) 100vw, 1024px\" \/><\/figure><\/li><li class=\"blocks-gallery-item\"><figure><img loading=\"lazy\" decoding=\"async\" width=\"1024\" height=\"768\" src=\"jid.org\/wp-content\/uploads\/2021\/06\/FOTO-5-1024x768.jpg\" alt=\"\" data-id=\"31348\" data-full-url=\"jid.org\/wp-content\/uploads\/2021\/06\/FOTO-5-scaled.jpg\" data-link=\"jid.org\/?attachment_id=31348\" class=\"wp-image-31348\" srcset=\"https:\/\/jid.org\/wp-content\/uploads\/2021\/06\/FOTO-5-1024x768.jpg 1024w, https:\/\/jid.org\/wp-content\/uploads\/2021\/06\/FOTO-5-300x225.jpg 300w, https:\/\/jid.org\/wp-content\/uploads\/2021\/06\/FOTO-5-768x576.jpg 768w, https:\/\/jid.org\/wp-content\/uploads\/2021\/06\/FOTO-5-1536x1152.jpg 1536w, https:\/\/jid.org\/wp-content\/uploads\/2021\/06\/FOTO-5-2048x1536.jpg 2048w\" sizes=\"(max-width: 1024px) 100vw, 1024px\" \/><\/figure><\/li><li class=\"blocks-gallery-item\"><figure><img loading=\"lazy\" decoding=\"async\" width=\"1024\" height=\"768\" src=\"jid.org\/wp-content\/uploads\/2021\/06\/FOTO-6-1024x768.jpg\" alt=\"\" data-id=\"31349\" data-full-url=\"jid.org\/wp-content\/uploads\/2021\/06\/FOTO-6.jpg\" data-link=\"jid.org\/?attachment_id=31349\" class=\"wp-image-31349\" srcset=\"https:\/\/jid.org\/wp-content\/uploads\/2021\/06\/FOTO-6-1024x768.jpg 1024w, https:\/\/jid.org\/wp-content\/uploads\/2021\/06\/FOTO-6-300x225.jpg 300w, https:\/\/jid.org\/wp-content\/uploads\/2021\/06\/FOTO-6-768x576.jpg 768w, https:\/\/jid.org\/wp-content\/uploads\/2021\/06\/FOTO-6.jpg 1080w\" sizes=\"(max-width: 1024px) 100vw, 1024px\" \/><\/figure><\/li><\/ul><\/figure>","protected":false},"excerpt":{"rendered":"<p>Em 22 de junho de 2021, a Junta Interamericana de Defesa (JID) realizou a cerim\u00f4nia de transfer\u00eancia do cargo de Presidente do Conselho de Delegados da JID. A cerim\u00f4nia aconteceu na \u201cCasa del Soldado\u201d e foi presidida pelo Secret\u00e1rio-Geral da Organiza\u00e7\u00e3o dos Estados Americanos (OEA), Embaixador Luis Almagro, e [\u2026]<\/p>","protected":false},"author":28,"featured_media":31343,"comment_status":"closed","ping_status":"closed","sticky":false,"template":"","format":"standard","meta":{"footnotes":""},"categories":[13],"tags":[],"destacado":[],"class_list":["post-31342","post","type-post","status-publish","format-standard","has-post-thumbnail","hentry","category-noticias"],"_links":{"self":[{"href":"https:\/\/jid.org\/pt\/wp-json\/wp\/v2\/posts\/31342","targetHints":{"allow":["GET"]}}],"collection":[{"href":"https:\/\/jid.org\/pt\/wp-json\/wp\/v2\/posts"}],"about":[{"href":"https:\/\/jid.org\/pt\/wp-json\/wp\/v2\/types\/post"}],"author":[{"embeddable":true,"href":"https:\/\/jid.org\/pt\/wp-json\/wp\/v2\/users\/28"}],"replies":[{"embeddable":true,"href":"https:\/\/jid.org\/pt\/wp-json\/wp\/v2\/comments?post=31342"}],"version-history":[{"count":0,"href":"https:\/\/jid.org\/pt\/wp-json\/wp\/v2\/posts\/31342\/revisions"}],"wp:featuredmedia":[{"embeddable":true,"href":"https:\/\/jid.org\/pt\/wp-json\/wp\/v2\/media\/31343"}],"wp:attachment":[{"href":"https:\/\/jid.org\/pt\/wp-json\/wp\/v2\/media?parent=31342"}],"wp:term":[{"taxonomy":"category","embeddable":true,"href":"https:\/\/jid.org\/pt\/wp-json\/wp\/v2\/categories?post=31342"},{"taxonomy":"post_tag","embeddable":true,"href":"https:\/\/jid.org\/pt\/wp-json\/wp\/v2\/tags?post=31342"},{"taxonomy":"destacado","embeddable":true,"href":"https:\/\/jid.org\/pt\/wp-json\/wp\/v2\/destacado?post=31342"}],"curies":[{"name":"wp","href":"https:\/\/api.w.org\/{rel}","templated":true}]}}