{"id":31423,"date":"2021-07-01T10:10:05","date_gmt":"2021-07-01T14:10:05","guid":{"rendered":"https:\/\/opanlcom-cp6.wordpresstemporal.com\/JID\/?p=31423"},"modified":"2021-07-22T12:33:02","modified_gmt":"2021-07-22T16:33:02","slug":"el-presidente-del-consejo-de-delegados-recibe-a-delegaciones-2","status":"publish","type":"post","link":"https:\/\/jid.org\/pt\/el-presidente-del-consejo-de-delegados-recibe-a-delegaciones-2\/","title":{"rendered":"O Presidente do Conselho de Delegados recebe delega\u00e7\u00f5es"},"content":{"rendered":"<p>A partir de 30 de junho de 2021, o Presidente do Conselho de Delegados, Vice-Almirante Alexandre Rabello de Faria, iniciou um conjunto de reuni\u00f5es individuais com os Delegados dos pa\u00edses membros da Junta Interamericana de Defesa (BID), para discutir o cumprimento das os objetivos estrat\u00e9gicos e os mandatos que nos foram e ser\u00e3o confiados, bem como ouvir opini\u00f5es e sugest\u00f5es sobre o funcionamento do sistema JID. <\/p>\n\n\n\n<p>At\u00e9 agora, delegados da Argentina, Canad\u00e1, Equador, Honduras, Nicar\u00e1gua, M\u00e9xico, Panam\u00e1, Peru, Rep\u00fablica Dominicana e Uruguai participaram das reuni\u00f5es na \u201cCasa del Soldado\u201d.<\/p>\n\n\n\n<figure class=\"wp-block-gallery columns-2 is-cropped wp-block-gallery-1 is-layout-flex wp-block-gallery-is-layout-flex\"><ul class=\"blocks-gallery-grid\"><li class=\"blocks-gallery-item\"><figure><img fetchpriority=\"high\" decoding=\"async\" width=\"1024\" height=\"682\" src=\"jid.org\/wp-content\/uploads\/2021\/07\/2visita-delegado-Rep.-Dom.-1024x682.jpg\" alt=\"\" data-id=\"31541\" data-full-url=\"jid.org\/wp-content\/uploads\/2021\/07\/2visita-delegado-Rep.-Dom..jpg\" data-link=\"jid.org\/?attachment_id=31541\" class=\"wp-image-31541\" srcset=\"https:\/\/jid.org\/wp-content\/uploads\/2021\/07\/2visita-delegado-Rep.-Dom.-1024x682.jpg 1024w, https:\/\/jid.org\/wp-content\/uploads\/2021\/07\/2visita-delegado-Rep.-Dom.-300x200.jpg 300w, https:\/\/jid.org\/wp-content\/uploads\/2021\/07\/2visita-delegado-Rep.-Dom.-768x512.jpg 768w, https:\/\/jid.org\/wp-content\/uploads\/2021\/07\/2visita-delegado-Rep.-Dom..jpg 1300w\" sizes=\"(max-width: 1024px) 100vw, 1024px\" \/><\/figure><\/li><li class=\"blocks-gallery-item\"><figure><img decoding=\"async\" width=\"1024\" height=\"682\" src=\"jid.org\/wp-content\/uploads\/2021\/07\/3visita-delegado-Canada-1024x682.jpg\" alt=\"\" data-id=\"31542\" data-full-url=\"jid.org\/wp-content\/uploads\/2021\/07\/3visita-delegado-Canada.jpg\" data-link=\"jid.org\/?attachment_id=31542\" class=\"wp-image-31542\" srcset=\"https:\/\/jid.org\/wp-content\/uploads\/2021\/07\/3visita-delegado-Canada-1024x682.jpg 1024w, https:\/\/jid.org\/wp-content\/uploads\/2021\/07\/3visita-delegado-Canada-300x200.jpg 300w, https:\/\/jid.org\/wp-content\/uploads\/2021\/07\/3visita-delegado-Canada-768x512.jpg 768w, https:\/\/jid.org\/wp-content\/uploads\/2021\/07\/3visita-delegado-Canada.jpg 1300w\" sizes=\"(max-width: 1024px) 100vw, 1024px\" \/><\/figure><\/li><li class=\"blocks-gallery-item\"><figure><img decoding=\"async\" width=\"1024\" height=\"683\" src=\"jid.org\/wp-content\/uploads\/2021\/07\/4visita-delegado-Argentina-1024x683.jpg\" alt=\"\" data-id=\"31543\" data-full-url=\"jid.org\/wp-content\/uploads\/2021\/07\/4visita-delegado-Argentina-scaled.jpg\" data-link=\"jid.org\/?attachment_id=31543\" class=\"wp-image-31543\" srcset=\"https:\/\/jid.org\/wp-content\/uploads\/2021\/07\/4visita-delegado-Argentina-1024x683.jpg 1024w, https:\/\/jid.org\/wp-content\/uploads\/2021\/07\/4visita-delegado-Argentina-300x200.jpg 300w, https:\/\/jid.org\/wp-content\/uploads\/2021\/07\/4visita-delegado-Argentina-768x512.jpg 768w, https:\/\/jid.org\/wp-content\/uploads\/2021\/07\/4visita-delegado-Argentina-1536x1024.jpg 1536w, https:\/\/jid.org\/wp-content\/uploads\/2021\/07\/4visita-delegado-Argentina-2048x1365.jpg 2048w\" sizes=\"(max-width: 1024px) 100vw, 1024px\" \/><\/figure><\/li><li class=\"blocks-gallery-item\"><figure><img loading=\"lazy\" decoding=\"async\" width=\"1024\" height=\"682\" src=\"jid.org\/wp-content\/uploads\/2021\/07\/5visita-delegado-Uruguay-1024x682.jpg\" alt=\"\" data-id=\"31544\" data-full-url=\"jid.org\/wp-content\/uploads\/2021\/07\/5visita-delegado-Uruguay.jpg\" data-link=\"jid.org\/?attachment_id=31544\" class=\"wp-image-31544\" srcset=\"https:\/\/jid.org\/wp-content\/uploads\/2021\/07\/5visita-delegado-Uruguay-1024x682.jpg 1024w, https:\/\/jid.org\/wp-content\/uploads\/2021\/07\/5visita-delegado-Uruguay-300x200.jpg 300w, https:\/\/jid.org\/wp-content\/uploads\/2021\/07\/5visita-delegado-Uruguay-768x512.jpg 768w, https:\/\/jid.org\/wp-content\/uploads\/2021\/07\/5visita-delegado-Uruguay.jpg 1300w\" sizes=\"(max-width: 1024px) 100vw, 1024px\" \/><\/figure><\/li><li class=\"blocks-gallery-item\"><figure><img loading=\"lazy\" decoding=\"async\" width=\"1024\" height=\"682\" src=\"jid.org\/wp-content\/uploads\/2021\/07\/6Visita-delegado-Mexico-1024x682.jpg\" alt=\"\" data-id=\"31545\" data-full-url=\"jid.org\/wp-content\/uploads\/2021\/07\/6Visita-delegado-Mexico.jpg\" data-link=\"jid.org\/?attachment_id=31545\" class=\"wp-image-31545\" srcset=\"https:\/\/jid.org\/wp-content\/uploads\/2021\/07\/6Visita-delegado-Mexico-1024x682.jpg 1024w, https:\/\/jid.org\/wp-content\/uploads\/2021\/07\/6Visita-delegado-Mexico-300x200.jpg 300w, https:\/\/jid.org\/wp-content\/uploads\/2021\/07\/6Visita-delegado-Mexico-768x512.jpg 768w, https:\/\/jid.org\/wp-content\/uploads\/2021\/07\/6Visita-delegado-Mexico.jpg 1300w\" sizes=\"(max-width: 1024px) 100vw, 1024px\" \/><\/figure><\/li><li class=\"blocks-gallery-item\"><figure><img loading=\"lazy\" decoding=\"async\" width=\"1024\" height=\"682\" src=\"jid.org\/wp-content\/uploads\/2021\/07\/7visita-delegado-ecuador-1024x682.jpg\" alt=\"\" data-id=\"31546\" data-full-url=\"jid.org\/wp-content\/uploads\/2021\/07\/7visita-delegado-ecuador.jpg\" data-link=\"jid.org\/?attachment_id=31546\" class=\"wp-image-31546\" srcset=\"https:\/\/jid.org\/wp-content\/uploads\/2021\/07\/7visita-delegado-ecuador-1024x682.jpg 1024w, https:\/\/jid.org\/wp-content\/uploads\/2021\/07\/7visita-delegado-ecuador-300x200.jpg 300w, https:\/\/jid.org\/wp-content\/uploads\/2021\/07\/7visita-delegado-ecuador-768x512.jpg 768w, https:\/\/jid.org\/wp-content\/uploads\/2021\/07\/7visita-delegado-ecuador.jpg 1300w\" sizes=\"(max-width: 1024px) 100vw, 1024px\" \/><\/figure><\/li><li class=\"blocks-gallery-item\"><figure><img loading=\"lazy\" decoding=\"async\" width=\"1024\" height=\"682\" src=\"jid.org\/wp-content\/uploads\/2021\/07\/8Visita-delegado-Honduras-1024x682.jpg\" alt=\"\" data-id=\"31547\" data-full-url=\"jid.org\/wp-content\/uploads\/2021\/07\/8Visita-delegado-Honduras.jpg\" data-link=\"jid.org\/?attachment_id=31547\" class=\"wp-image-31547\" srcset=\"https:\/\/jid.org\/wp-content\/uploads\/2021\/07\/8Visita-delegado-Honduras-1024x682.jpg 1024w, https:\/\/jid.org\/wp-content\/uploads\/2021\/07\/8Visita-delegado-Honduras-300x200.jpg 300w, https:\/\/jid.org\/wp-content\/uploads\/2021\/07\/8Visita-delegado-Honduras-768x512.jpg 768w, https:\/\/jid.org\/wp-content\/uploads\/2021\/07\/8Visita-delegado-Honduras.jpg 1300w\" sizes=\"(max-width: 1024px) 100vw, 1024px\" \/><\/figure><\/li><li class=\"blocks-gallery-item\"><figure><img loading=\"lazy\" decoding=\"async\" width=\"1024\" height=\"683\" src=\"jid.org\/wp-content\/uploads\/2021\/07\/9Visita-delegado-Peru-1024x683.jpg\" alt=\"\" data-id=\"31548\" data-full-url=\"jid.org\/wp-content\/uploads\/2021\/07\/9Visita-delegado-Peru-scaled.jpg\" data-link=\"jid.org\/?attachment_id=31548\" class=\"wp-image-31548\" srcset=\"https:\/\/jid.org\/wp-content\/uploads\/2021\/07\/9Visita-delegado-Peru-1024x683.jpg 1024w, https:\/\/jid.org\/wp-content\/uploads\/2021\/07\/9Visita-delegado-Peru-300x200.jpg 300w, https:\/\/jid.org\/wp-content\/uploads\/2021\/07\/9Visita-delegado-Peru-768x512.jpg 768w, https:\/\/jid.org\/wp-content\/uploads\/2021\/07\/9Visita-delegado-Peru-1536x1024.jpg 1536w, https:\/\/jid.org\/wp-content\/uploads\/2021\/07\/9Visita-delegado-Peru-2048x1365.jpg 2048w\" sizes=\"(max-width: 1024px) 100vw, 1024px\" \/><\/figure><\/li><li class=\"blocks-gallery-item\"><figure><img loading=\"lazy\" decoding=\"async\" width=\"1024\" height=\"575\" src=\"jid.org\/wp-content\/uploads\/2021\/07\/10Visita-representante-Panama-1024x575.jpg\" alt=\"\" data-id=\"31549\" data-full-url=\"jid.org\/wp-content\/uploads\/2021\/07\/10Visita-representante-Panama.jpg\" data-link=\"jid.org\/?attachment_id=31549\" class=\"wp-image-31549\" srcset=\"https:\/\/jid.org\/wp-content\/uploads\/2021\/07\/10Visita-representante-Panama-1024x575.jpg 1024w, https:\/\/jid.org\/wp-content\/uploads\/2021\/07\/10Visita-representante-Panama-300x168.jpg 300w, https:\/\/jid.org\/wp-content\/uploads\/2021\/07\/10Visita-representante-Panama-768x431.jpg 768w, https:\/\/jid.org\/wp-content\/uploads\/2021\/07\/10Visita-representante-Panama.jpg 1300w\" sizes=\"(max-width: 1024px) 100vw, 1024px\" \/><\/figure><\/li><\/ul><\/figure>","protected":false},"excerpt":{"rendered":"<p>A partir de 30 de junho de 2021, o Presidente do Conselho de Delegados, Vice-Almirante Alexandre Rabello de Faria, iniciou um conjunto de reuni\u00f5es individuais com os Delegados dos pa\u00edses membros da Junta Interamericana de Defesa (BID), para discutir o cumprimento das os objectivos estrat\u00e9gicos e os mandatos que nos foram conferidos [...]<\/p>","protected":false},"author":18,"featured_media":31415,"comment_status":"closed","ping_status":"closed","sticky":false,"template":"","format":"standard","meta":{"footnotes":""},"categories":[13],"tags":[],"destacado":[],"class_list":["post-31423","post","type-post","status-publish","format-standard","has-post-thumbnail","hentry","category-noticias"],"_links":{"self":[{"href":"https:\/\/jid.org\/pt\/wp-json\/wp\/v2\/posts\/31423","targetHints":{"allow":["GET"]}}],"collection":[{"href":"https:\/\/jid.org\/pt\/wp-json\/wp\/v2\/posts"}],"about":[{"href":"https:\/\/jid.org\/pt\/wp-json\/wp\/v2\/types\/post"}],"author":[{"embeddable":true,"href":"https:\/\/jid.org\/pt\/wp-json\/wp\/v2\/users\/18"}],"replies":[{"embeddable":true,"href":"https:\/\/jid.org\/pt\/wp-json\/wp\/v2\/comments?post=31423"}],"version-history":[{"count":0,"href":"https:\/\/jid.org\/pt\/wp-json\/wp\/v2\/posts\/31423\/revisions"}],"wp:featuredmedia":[{"embeddable":true,"href":"https:\/\/jid.org\/pt\/wp-json\/wp\/v2\/media\/31415"}],"wp:attachment":[{"href":"https:\/\/jid.org\/pt\/wp-json\/wp\/v2\/media?parent=31423"}],"wp:term":[{"taxonomy":"category","embeddable":true,"href":"https:\/\/jid.org\/pt\/wp-json\/wp\/v2\/categories?post=31423"},{"taxonomy":"post_tag","embeddable":true,"href":"https:\/\/jid.org\/pt\/wp-json\/wp\/v2\/tags?post=31423"},{"taxonomy":"destacado","embeddable":true,"href":"https:\/\/jid.org\/pt\/wp-json\/wp\/v2\/destacado?post=31423"}],"curies":[{"name":"wp","href":"https:\/\/api.w.org\/{rel}","templated":true}]}}