{"id":31577,"date":"2021-07-23T13:07:37","date_gmt":"2021-07-23T17:07:37","guid":{"rendered":"https:\/\/opanlcom-cp6.wordpresstemporal.com\/JID\/?p=31577"},"modified":"2021-07-23T13:07:41","modified_gmt":"2021-07-23T17:07:41","slug":"la-junta-interamericana-de-defensa-participa-del-ix-foro-de-medidas-de-fomento-a-la-confianza-y-seguridad-mfcs-de-la-oea","status":"publish","type":"post","link":"https:\/\/jid.org\/pt\/la-junta-interamericana-de-defensa-participa-del-ix-foro-de-medidas-de-fomento-a-la-confianza-y-seguridad-mfcs-de-la-oea\/","title":{"rendered":"A Junta Interamericana de Defesa participa do IX F\u00f3rum sobre Medidas de Fortalecimento da Confian\u00e7a e da Seguran\u00e7a (CFSM) da OEA"},"content":{"rendered":"<p>Em 22 de julho, a Junta Interamericana de Defesa (BID) participou do IX F\u00f3rum CSBM da OEA. Na ocasi\u00e3o, ap\u00f3s a abertura pela Presidente da Comiss\u00e3o de Seguran\u00e7a Hemisf\u00e9rica (CSH) da OEA, Embaixadora Rita Claverie D\u00edaz de Sciolli, a palavra foi passada ao Presidente do Conselho de Delegados, Vice-Almirante Alexandre Rabello de Faria, que destacou a import\u00e2ncia do f\u00f3rum para a consolida\u00e7\u00e3o de medidas de fortalecimento da confian\u00e7a e de seguran\u00e7a como instrumento para a manuten\u00e7\u00e3o da paz no hemisf\u00e9rio. <\/p>\n\n\n\n<p>Sob a presid\u00eancia do Conselheiro M\u00e1rcio Rebou\u00e7as, da Delega\u00e7\u00e3o Brasileira junto \u00e0 OEA, o IX F\u00f3rum abordou diversos temas relacionados a medidas de promo\u00e7\u00e3o da confian\u00e7a e da seguran\u00e7a. A Secretaria da JID foi respons\u00e1vel por fazer uma apresenta\u00e7\u00e3o sobre o processo de estabelecimento da nova Lista de MFCS da OEA e sobre o \u201cRelat\u00f3rio de Atualiza\u00e7\u00e3o do Invent\u00e1rio de MFCS 2020\u201d<\/p>\n\n\n\n<p><\/p>","protected":false},"excerpt":{"rendered":"<p>Em 22 de julho, a Junta Interamericana de Defesa (BID) participou do IX F\u00f3rum CSBM da OEA. Na ocasi\u00e3o, ap\u00f3s a abertura da Presidente da Comiss\u00e3o de Seguran\u00e7a Hemisf\u00e9rica (CSH) da OEA, Embaixadora Rita Claverie D\u00edaz de Sciolli, a palavra foi passada ao Presidente do Conselho [\u2026]<\/p>","protected":false},"author":18,"featured_media":31578,"comment_status":"closed","ping_status":"closed","sticky":false,"template":"","format":"standard","meta":{"footnotes":""},"categories":[13],"tags":[],"destacado":[],"class_list":["post-31577","post","type-post","status-publish","format-standard","has-post-thumbnail","hentry","category-noticias"],"_links":{"self":[{"href":"https:\/\/jid.org\/pt\/wp-json\/wp\/v2\/posts\/31577","targetHints":{"allow":["GET"]}}],"collection":[{"href":"https:\/\/jid.org\/pt\/wp-json\/wp\/v2\/posts"}],"about":[{"href":"https:\/\/jid.org\/pt\/wp-json\/wp\/v2\/types\/post"}],"author":[{"embeddable":true,"href":"https:\/\/jid.org\/pt\/wp-json\/wp\/v2\/users\/18"}],"replies":[{"embeddable":true,"href":"https:\/\/jid.org\/pt\/wp-json\/wp\/v2\/comments?post=31577"}],"version-history":[{"count":0,"href":"https:\/\/jid.org\/pt\/wp-json\/wp\/v2\/posts\/31577\/revisions"}],"wp:featuredmedia":[{"embeddable":true,"href":"https:\/\/jid.org\/pt\/wp-json\/wp\/v2\/media\/31578"}],"wp:attachment":[{"href":"https:\/\/jid.org\/pt\/wp-json\/wp\/v2\/media?parent=31577"}],"wp:term":[{"taxonomy":"category","embeddable":true,"href":"https:\/\/jid.org\/pt\/wp-json\/wp\/v2\/categories?post=31577"},{"taxonomy":"post_tag","embeddable":true,"href":"https:\/\/jid.org\/pt\/wp-json\/wp\/v2\/tags?post=31577"},{"taxonomy":"destacado","embeddable":true,"href":"https:\/\/jid.org\/pt\/wp-json\/wp\/v2\/destacado?post=31577"}],"curies":[{"name":"wp","href":"https:\/\/api.w.org\/{rel}","templated":true}]}}