{"id":31610,"date":"2021-07-29T14:38:58","date_gmt":"2021-07-29T18:38:58","guid":{"rendered":"https:\/\/opanlcom-cp6.wordpresstemporal.com\/JID\/?p=31610"},"modified":"2021-07-29T14:53:40","modified_gmt":"2021-07-29T18:53:40","slug":"presentacion-de-la-jid-sobre-la-implementacion-de-los-mandatos-emitidos-por-la-oea","status":"publish","type":"post","link":"https:\/\/jid.org\/pt\/presentacion-de-la-jid-sobre-la-implementacion-de-los-mandatos-emitidos-por-la-oea\/","title":{"rendered":"Apresenta\u00e7\u00e3o da JID sobre a implementa\u00e7\u00e3o dos mandatos conferidos pela OEA."},"content":{"rendered":"<p>Em 29 de julho de 2021, a lideran\u00e7a da Junta Interamericana de Defesa (JID), composta pelo Presidente do Conselho de Delegados, Vice-Almirante Alexandre Rabello de Faria; General de Divis\u00e3o James E. Taylor, Diretor do Col\u00e9gio Interamericano de Defesa; e o Coronel Matthew W. Heim, respons\u00e1vel pela Dire\u00e7\u00e3o Geral da Secretaria, apresentaram \u00e0 Comiss\u00e3o de Seguran\u00e7a Hemisf\u00e9rica (CSH) da Organiza\u00e7\u00e3o dos Estados Americanos (OEA), presidida pela Embaixadora Rita Claverie de Sciolli, a implementa\u00e7\u00e3o dos mandatos estabelecido pela referida organiza\u00e7\u00e3o hemisf\u00e9rica.<\/p>\n\n\n\n<p>Os temas apresentados foram os seguintes:<\/p>\n\n\n\n<ul class=\"wp-block-list\"><li>Relat\u00f3rio institucional dos trabalhos da Confer\u00eancia de Ministros da Defesa das Am\u00e9ricas. (CMDA).<\/li><li>Trabalhar com a Secretaria Executiva de Desenvolvimento Integral (SEDI) da OEA em respostas a desastres.<\/li><li>Exerc\u00edcio de simula\u00e7\u00e3o sobre gest\u00e3o de cat\u00e1strofes, resposta a cat\u00e1strofes e opera\u00e7\u00f5es de assist\u00eancia humanit\u00e1ria.<\/li><li>An\u00e1lise e prepara\u00e7\u00e3o de propostas de mudan\u00e7as no plano para melhorar a orienta\u00e7\u00e3o e assessoria da JID ao Sistema Interamericano em casos de desastres.<\/li><li>Participa\u00e7\u00e3o em confer\u00eancias regionais e sub-regionais.<\/li><li>Cria\u00e7\u00e3o do fundo volunt\u00e1rio interamericano para apoiar o Col\u00e9gio Interamericano de Defesa.<\/li><li>Apresenta\u00e7\u00e3o dos resultados da Confer\u00eancia sobre Situa\u00e7\u00e3o Hemisf\u00e9rica e Semin\u00e1rio sobre Emerg\u00eancias Complexas do Col\u00e9gio Interamericano de Defesa.<\/li><\/ul>\n\n\n\n<figure class=\"wp-block-gallery columns-2 is-cropped wp-block-gallery-1 is-layout-flex wp-block-gallery-is-layout-flex\"><ul class=\"blocks-gallery-grid\"><li class=\"blocks-gallery-item\"><figure><img fetchpriority=\"high\" decoding=\"async\" width=\"834\" height=\"476\" src=\"jid.org\/wp-content\/uploads\/2021\/07\/Gral.-Taylor-1.jpg\" alt=\"\" data-id=\"31614\" data-full-url=\"jid.org\/wp-content\/uploads\/2021\/07\/Gral.-Taylor-1.jpg\" data-link=\"jid.org\/?attachment_id=31614\" class=\"wp-image-31614\" srcset=\"https:\/\/jid.org\/wp-content\/uploads\/2021\/07\/Gral.-Taylor-1.jpg 834w, https:\/\/jid.org\/wp-content\/uploads\/2021\/07\/Gral.-Taylor-1-300x171.jpg 300w, https:\/\/jid.org\/wp-content\/uploads\/2021\/07\/Gral.-Taylor-1-768x438.jpg 768w\" sizes=\"(max-width: 834px) 100vw, 834px\" \/><\/figure><\/li><li class=\"blocks-gallery-item\"><figure><img decoding=\"async\" width=\"1024\" height=\"682\" src=\"jid.org\/wp-content\/uploads\/2021\/07\/IMG_3264-1-1024x682.jpg\" alt=\"\" data-id=\"31615\" data-full-url=\"jid.org\/wp-content\/uploads\/2021\/07\/IMG_3264-1.jpg\" data-link=\"jid.org\/?attachment_id=31615\" class=\"wp-image-31615\" srcset=\"https:\/\/jid.org\/wp-content\/uploads\/2021\/07\/IMG_3264-1-1024x682.jpg 1024w, https:\/\/jid.org\/wp-content\/uploads\/2021\/07\/IMG_3264-1-300x200.jpg 300w, https:\/\/jid.org\/wp-content\/uploads\/2021\/07\/IMG_3264-1-768x512.jpg 768w, https:\/\/jid.org\/wp-content\/uploads\/2021\/07\/IMG_3264-1.jpg 1300w\" sizes=\"(max-width: 1024px) 100vw, 1024px\" \/><\/figure><\/li><\/ul><\/figure>","protected":false},"excerpt":{"rendered":"<p>Em 29 de julho de 2021, a lideran\u00e7a da Junta Interamericana de Defesa (JID), composta pelo Presidente do Conselho de Delegados, Vice-Almirante Alexandre Rabello de Faria; General de Divis\u00e3o James E. Taylor, Diretor do Col\u00e9gio Interamericano de Defesa; e o Coronel Matthew W. Heim, respons\u00e1vel pela Dire\u00e7\u00e3o Geral da Secretaria, apresentaram ao [\u2026]<\/p>","protected":false},"author":18,"featured_media":31611,"comment_status":"closed","ping_status":"closed","sticky":false,"template":"","format":"standard","meta":{"footnotes":""},"categories":[13],"tags":[],"destacado":[],"class_list":["post-31610","post","type-post","status-publish","format-standard","has-post-thumbnail","hentry","category-noticias"],"_links":{"self":[{"href":"https:\/\/jid.org\/pt\/wp-json\/wp\/v2\/posts\/31610","targetHints":{"allow":["GET"]}}],"collection":[{"href":"https:\/\/jid.org\/pt\/wp-json\/wp\/v2\/posts"}],"about":[{"href":"https:\/\/jid.org\/pt\/wp-json\/wp\/v2\/types\/post"}],"author":[{"embeddable":true,"href":"https:\/\/jid.org\/pt\/wp-json\/wp\/v2\/users\/18"}],"replies":[{"embeddable":true,"href":"https:\/\/jid.org\/pt\/wp-json\/wp\/v2\/comments?post=31610"}],"version-history":[{"count":0,"href":"https:\/\/jid.org\/pt\/wp-json\/wp\/v2\/posts\/31610\/revisions"}],"wp:featuredmedia":[{"embeddable":true,"href":"https:\/\/jid.org\/pt\/wp-json\/wp\/v2\/media\/31611"}],"wp:attachment":[{"href":"https:\/\/jid.org\/pt\/wp-json\/wp\/v2\/media?parent=31610"}],"wp:term":[{"taxonomy":"category","embeddable":true,"href":"https:\/\/jid.org\/pt\/wp-json\/wp\/v2\/categories?post=31610"},{"taxonomy":"post_tag","embeddable":true,"href":"https:\/\/jid.org\/pt\/wp-json\/wp\/v2\/tags?post=31610"},{"taxonomy":"destacado","embeddable":true,"href":"https:\/\/jid.org\/pt\/wp-json\/wp\/v2\/destacado?post=31610"}],"curies":[{"name":"wp","href":"https:\/\/api.w.org\/{rel}","templated":true}]}}