{"id":31637,"date":"2021-07-30T13:52:17","date_gmt":"2021-07-30T17:52:17","guid":{"rendered":"https:\/\/opanlcom-cp6.wordpresstemporal.com\/JID\/?p=31637"},"modified":"2021-07-30T14:14:26","modified_gmt":"2021-07-30T18:14:26","slug":"presentacion-del-director-general-de-la-secretaria-de-la-jid-2","status":"publish","type":"post","link":"https:\/\/jid.org\/pt\/presentacion-del-director-general-de-la-secretaria-de-la-jid-2\/","title":{"rendered":"Apresenta\u00e7\u00e3o do Diretor Geral da Secretaria da JID."},"content":{"rendered":"<p>No dia 30 de julho de 2021, ocorreu na \u201cCasa del Soldado\u201d. Junta Interamericana de Defesa (JID) no per\u00edodo de julho de 2021 a junho de 2023. <\/p>\n\n\n\n<p>O General Fuentes V\u00e9lez agradeceu esta cerim\u00f4nia e mencionou que vem integrar a equipe de trabalho da JID com a inten\u00e7\u00e3o de continuar a promover as atividades desta organiza\u00e7\u00e3o hemisf\u00e9rica em benef\u00edcio das na\u00e7\u00f5es do continente; Da mesma forma, buscar\u00e1 fortalecer a JID como entidade consultiva da Organiza\u00e7\u00e3o dos Estados Americanos (OEA) em assuntos militares e de defesa.<\/p>\n\n\n\n<figure class=\"wp-block-gallery columns-2 is-cropped wp-block-gallery-1 is-layout-flex wp-block-gallery-is-layout-flex\"><ul class=\"blocks-gallery-grid\"><li class=\"blocks-gallery-item\"><figure><img fetchpriority=\"high\" decoding=\"async\" width=\"1024\" height=\"683\" src=\"jid.org\/wp-content\/uploads\/2021\/07\/IMG_3301-1024x683.jpg\" alt=\"\" data-id=\"31639\" data-link=\"jid.org\/?attachment_id=31639\" class=\"wp-image-31639\" srcset=\"https:\/\/jid.org\/wp-content\/uploads\/2021\/07\/IMG_3301-1024x683.jpg 1024w, https:\/\/jid.org\/wp-content\/uploads\/2021\/07\/IMG_3301-300x200.jpg 300w, https:\/\/jid.org\/wp-content\/uploads\/2021\/07\/IMG_3301-768x512.jpg 768w, https:\/\/jid.org\/wp-content\/uploads\/2021\/07\/IMG_3301-1536x1024.jpg 1536w, https:\/\/jid.org\/wp-content\/uploads\/2021\/07\/IMG_3301-2048x1365.jpg 2048w\" sizes=\"(max-width: 1024px) 100vw, 1024px\" \/><\/figure><\/li><li class=\"blocks-gallery-item\"><figure><img decoding=\"async\" width=\"1024\" height=\"683\" src=\"jid.org\/wp-content\/uploads\/2021\/07\/IMG_3325-1024x683.jpg\" alt=\"\" data-id=\"31641\" data-link=\"jid.org\/?attachment_id=31641\" class=\"wp-image-31641\" srcset=\"https:\/\/jid.org\/wp-content\/uploads\/2021\/07\/IMG_3325-1024x683.jpg 1024w, https:\/\/jid.org\/wp-content\/uploads\/2021\/07\/IMG_3325-300x200.jpg 300w, https:\/\/jid.org\/wp-content\/uploads\/2021\/07\/IMG_3325-768x512.jpg 768w, https:\/\/jid.org\/wp-content\/uploads\/2021\/07\/IMG_3325-1536x1024.jpg 1536w, https:\/\/jid.org\/wp-content\/uploads\/2021\/07\/IMG_3325-2048x1365.jpg 2048w\" sizes=\"(max-width: 1024px) 100vw, 1024px\" \/><\/figure><\/li><li class=\"blocks-gallery-item\"><figure><img decoding=\"async\" width=\"1024\" height=\"669\" src=\"jid.org\/wp-content\/uploads\/2021\/07\/IMG_3316-2-1024x669.jpg\" alt=\"\" data-id=\"31643\" data-full-url=\"jid.org\/wp-content\/uploads\/2021\/07\/IMG_3316-2-scaled.jpg\" data-link=\"jid.org\/?attachment_id=31643\" class=\"wp-image-31643\" srcset=\"https:\/\/jid.org\/wp-content\/uploads\/2021\/07\/IMG_3316-2-1024x669.jpg 1024w, https:\/\/jid.org\/wp-content\/uploads\/2021\/07\/IMG_3316-2-300x196.jpg 300w, https:\/\/jid.org\/wp-content\/uploads\/2021\/07\/IMG_3316-2-768x501.jpg 768w, https:\/\/jid.org\/wp-content\/uploads\/2021\/07\/IMG_3316-2-1536x1003.jpg 1536w, https:\/\/jid.org\/wp-content\/uploads\/2021\/07\/IMG_3316-2-2048x1337.jpg 2048w\" sizes=\"(max-width: 1024px) 100vw, 1024px\" \/><\/figure><\/li><li class=\"blocks-gallery-item\"><figure><img loading=\"lazy\" decoding=\"async\" width=\"1024\" height=\"678\" src=\"jid.org\/wp-content\/uploads\/2021\/07\/IMG_3329-2-1024x678.jpg\" alt=\"\" data-id=\"31644\" data-full-url=\"jid.org\/wp-content\/uploads\/2021\/07\/IMG_3329-2-scaled.jpg\" data-link=\"jid.org\/?attachment_id=31644\" class=\"wp-image-31644\" srcset=\"https:\/\/jid.org\/wp-content\/uploads\/2021\/07\/IMG_3329-2-1024x678.jpg 1024w, https:\/\/jid.org\/wp-content\/uploads\/2021\/07\/IMG_3329-2-300x199.jpg 300w, https:\/\/jid.org\/wp-content\/uploads\/2021\/07\/IMG_3329-2-768x509.jpg 768w, https:\/\/jid.org\/wp-content\/uploads\/2021\/07\/IMG_3329-2-1536x1017.jpg 1536w, https:\/\/jid.org\/wp-content\/uploads\/2021\/07\/IMG_3329-2-2048x1357.jpg 2048w\" sizes=\"(max-width: 1024px) 100vw, 1024px\" \/><\/figure><\/li><\/ul><\/figure>","protected":false},"excerpt":{"rendered":"<p>No dia 30 de julho de 2021, ocorreu na \u201cCasa del Soldado\u201d. Junta Interamericana de Defesa (JID) no per\u00edodo de julho [\u2026]<\/p>","protected":false},"author":18,"featured_media":31655,"comment_status":"closed","ping_status":"closed","sticky":false,"template":"","format":"standard","meta":{"footnotes":""},"categories":[13],"tags":[],"destacado":[],"class_list":["post-31637","post","type-post","status-publish","format-standard","has-post-thumbnail","hentry","category-noticias"],"_links":{"self":[{"href":"https:\/\/jid.org\/pt\/wp-json\/wp\/v2\/posts\/31637","targetHints":{"allow":["GET"]}}],"collection":[{"href":"https:\/\/jid.org\/pt\/wp-json\/wp\/v2\/posts"}],"about":[{"href":"https:\/\/jid.org\/pt\/wp-json\/wp\/v2\/types\/post"}],"author":[{"embeddable":true,"href":"https:\/\/jid.org\/pt\/wp-json\/wp\/v2\/users\/18"}],"replies":[{"embeddable":true,"href":"https:\/\/jid.org\/pt\/wp-json\/wp\/v2\/comments?post=31637"}],"version-history":[{"count":0,"href":"https:\/\/jid.org\/pt\/wp-json\/wp\/v2\/posts\/31637\/revisions"}],"wp:featuredmedia":[{"embeddable":true,"href":"https:\/\/jid.org\/pt\/wp-json\/wp\/v2\/media\/31655"}],"wp:attachment":[{"href":"https:\/\/jid.org\/pt\/wp-json\/wp\/v2\/media?parent=31637"}],"wp:term":[{"taxonomy":"category","embeddable":true,"href":"https:\/\/jid.org\/pt\/wp-json\/wp\/v2\/categories?post=31637"},{"taxonomy":"post_tag","embeddable":true,"href":"https:\/\/jid.org\/pt\/wp-json\/wp\/v2\/tags?post=31637"},{"taxonomy":"destacado","embeddable":true,"href":"https:\/\/jid.org\/pt\/wp-json\/wp\/v2\/destacado?post=31637"}],"curies":[{"name":"wp","href":"https:\/\/api.w.org\/{rel}","templated":true}]}}