{"id":31786,"date":"2021-08-31T15:20:01","date_gmt":"2021-08-31T19:20:01","guid":{"rendered":"https:\/\/opanlcom-cp6.wordpresstemporal.com\/JID\/?p=31786"},"modified":"2021-09-03T11:48:22","modified_gmt":"2021-09-03T15:48:22","slug":"visita-a-la-jid-de-una-delegacion-militar-mexicana-y-de-los-cuarteles-generales-del-comando-aeroespacial-y-de-defensa-de-norteamerica-y-del-comando-norte-de-los-estados","status":"publish","type":"post","link":"https:\/\/jid.org\/pt\/visita-a-la-jid-de-una-delegacion-militar-mexicana-y-de-los-cuarteles-generales-del-comando-aeroespacial-y-de-defensa-de-norteamerica-y-del-comando-norte-de-los-estados\/","title":{"rendered":"Visita \u00e0 JID de uma Delega\u00e7\u00e3o Militar Mexicana e \u00e0 Sede do Comando Aeroespacial e de Defesa da Am\u00e9rica do Norte e do Comando Norte dos Estados Unidos."},"content":{"rendered":"<p>Por ocasi\u00e3o da colabora\u00e7\u00e3o de especialistas em seguran\u00e7a cibern\u00e9tica, da troca de conhecimentos e do desenvolvimento de rela\u00e7\u00f5es de apoio m\u00fatuo para fortalecer a seguran\u00e7a cibern\u00e9tica coletiva, no dia 31 de agosto de 2021, uma Delega\u00e7\u00e3o Mexicana integrada com representantes da Secretaria de Defesa Nacional e do Secret\u00e1rio da A Marinha, bem como o Quartel-General do Comando Aeroespacial e de Defesa da Am\u00e9rica do Norte e do Comando Norte dos Estados Unidos, realizaram visita \u00e0s instala\u00e7\u00f5es do BID, para conhecer detalhes do Programa de Treinamento em Defesa Cibern\u00e9tica organizado por esta institui\u00e7\u00e3o, contando com a presen\u00e7a de o Presidente do Conselho de Delegados e o Diretor-Geral da Secretaria da Junta Interamericana de Defesa;  O exposto permitiu-nos mostrar um panorama da coopera\u00e7\u00e3o internacional em seguran\u00e7a cibern\u00e9tica no hemisf\u00e9rio.<\/p>\n\n\n\n<figure class=\"wp-block-gallery columns-2 is-cropped wp-block-gallery-1 is-layout-flex wp-block-gallery-is-layout-flex\"><ul class=\"blocks-gallery-grid\"><li class=\"blocks-gallery-item\"><figure><img fetchpriority=\"high\" decoding=\"async\" width=\"800\" height=\"440\" src=\"jid.org\/wp-content\/uploads\/2021\/08\/20210831_085703.jpg\" alt=\"\" data-id=\"31788\" data-link=\"jid.org\/?attachment_id=31788\" class=\"wp-image-31788\" srcset=\"https:\/\/jid.org\/wp-content\/uploads\/2021\/08\/20210831_085703.jpg 800w, https:\/\/jid.org\/wp-content\/uploads\/2021\/08\/20210831_085703-300x165.jpg 300w, https:\/\/jid.org\/wp-content\/uploads\/2021\/08\/20210831_085703-768x422.jpg 768w\" sizes=\"(max-width: 800px) 100vw, 800px\" \/><\/figure><\/li><li class=\"blocks-gallery-item\"><figure><img decoding=\"async\" width=\"800\" height=\"440\" src=\"jid.org\/wp-content\/uploads\/2021\/08\/20210831_101820.jpg\" alt=\"\" data-id=\"31789\" data-full-url=\"jid.org\/wp-content\/uploads\/2021\/08\/20210831_101820.jpg\" data-link=\"jid.org\/?attachment_id=31789\" class=\"wp-image-31789\" srcset=\"https:\/\/jid.org\/wp-content\/uploads\/2021\/08\/20210831_101820.jpg 800w, https:\/\/jid.org\/wp-content\/uploads\/2021\/08\/20210831_101820-300x165.jpg 300w, https:\/\/jid.org\/wp-content\/uploads\/2021\/08\/20210831_101820-768x422.jpg 768w\" sizes=\"(max-width: 800px) 100vw, 800px\" \/><\/figure><\/li><\/ul><\/figure>","protected":false},"excerpt":{"rendered":"<p>Por ocasi\u00e3o da colabora\u00e7\u00e3o de especialistas em seguran\u00e7a cibern\u00e9tica, da troca de conhecimentos e do desenvolvimento de rela\u00e7\u00f5es de apoio m\u00fatuo para fortalecer a seguran\u00e7a cibern\u00e9tica coletiva, no dia 31 de agosto de 2021, uma Delega\u00e7\u00e3o Mexicana integrada com representantes da Secretaria de Defesa Nacional e do Secret\u00e1rio da Marinha, bem como [...]<\/p>","protected":false},"author":18,"featured_media":31787,"comment_status":"closed","ping_status":"closed","sticky":false,"template":"","format":"standard","meta":{"footnotes":""},"categories":[13],"tags":[],"destacado":[],"class_list":["post-31786","post","type-post","status-publish","format-standard","has-post-thumbnail","hentry","category-noticias"],"_links":{"self":[{"href":"https:\/\/jid.org\/pt\/wp-json\/wp\/v2\/posts\/31786","targetHints":{"allow":["GET"]}}],"collection":[{"href":"https:\/\/jid.org\/pt\/wp-json\/wp\/v2\/posts"}],"about":[{"href":"https:\/\/jid.org\/pt\/wp-json\/wp\/v2\/types\/post"}],"author":[{"embeddable":true,"href":"https:\/\/jid.org\/pt\/wp-json\/wp\/v2\/users\/18"}],"replies":[{"embeddable":true,"href":"https:\/\/jid.org\/pt\/wp-json\/wp\/v2\/comments?post=31786"}],"version-history":[{"count":0,"href":"https:\/\/jid.org\/pt\/wp-json\/wp\/v2\/posts\/31786\/revisions"}],"wp:featuredmedia":[{"embeddable":true,"href":"https:\/\/jid.org\/pt\/wp-json\/wp\/v2\/media\/31787"}],"wp:attachment":[{"href":"https:\/\/jid.org\/pt\/wp-json\/wp\/v2\/media?parent=31786"}],"wp:term":[{"taxonomy":"category","embeddable":true,"href":"https:\/\/jid.org\/pt\/wp-json\/wp\/v2\/categories?post=31786"},{"taxonomy":"post_tag","embeddable":true,"href":"https:\/\/jid.org\/pt\/wp-json\/wp\/v2\/tags?post=31786"},{"taxonomy":"destacado","embeddable":true,"href":"https:\/\/jid.org\/pt\/wp-json\/wp\/v2\/destacado?post=31786"}],"curies":[{"name":"wp","href":"https:\/\/api.w.org\/{rel}","templated":true}]}}