{"id":31908,"date":"2021-09-08T12:46:16","date_gmt":"2021-09-08T16:46:16","guid":{"rendered":"https:\/\/opanlcom-cp6.wordpresstemporal.com\/JID\/?p=31908"},"modified":"2021-09-08T12:47:38","modified_gmt":"2021-09-08T16:47:38","slug":"visita-a-la-jid-por-el-director-de-la-compania-janes-washington-d-c","status":"publish","type":"post","link":"https:\/\/jid.org\/pt\/visita-a-la-jid-por-el-director-de-la-compania-janes-washington-d-c\/","title":{"rendered":"Visita \u00e0 JID do Diretor da Janes Company, Washington, DC"},"content":{"rendered":"<p>Em 7 de setembro de 2021, o Sr. \u00cd\u00f1igo Guevara Moyano, Diretor da Janes Washington, DC Company, professor e especialista em \u00e1reas de tecnologia emergente e aplica\u00e7\u00e3o militar, seguran\u00e7a nacional, an\u00e1lise de intelig\u00eancia, com\u00e9rcio internacional de armas e pol\u00edtica de seguran\u00e7a internacional, ofereceu sua colabora\u00e7\u00e3o trabalhar em conjunto com a JID; Da mesma forma, fez uma doa\u00e7\u00e3o de material bibliogr\u00e1fico, que contribuir\u00e1 para o enriquecimento do patrim\u00f3nio cultural desta institui\u00e7\u00e3o.<\/p>\n\n\n\n<figure class=\"wp-block-gallery columns-1 is-cropped wp-block-gallery-1 is-layout-flex wp-block-gallery-is-layout-flex\"><ul class=\"blocks-gallery-grid\"><li class=\"blocks-gallery-item\"><figure><img fetchpriority=\"high\" decoding=\"async\" width=\"1024\" height=\"778\" src=\"jid.org\/wp-content\/uploads\/2021\/09\/secundaria-1024x778.jpg\" alt=\"\" data-id=\"31910\" data-full-url=\"jid.org\/wp-content\/uploads\/2021\/09\/secundaria.jpg\" data-link=\"jid.org\/?attachment_id=31910\" class=\"wp-image-31910\" srcset=\"https:\/\/jid.org\/wp-content\/uploads\/2021\/09\/secundaria-1024x778.jpg 1024w, https:\/\/jid.org\/wp-content\/uploads\/2021\/09\/secundaria-300x228.jpg 300w, https:\/\/jid.org\/wp-content\/uploads\/2021\/09\/secundaria-768x584.jpg 768w, https:\/\/jid.org\/wp-content\/uploads\/2021\/09\/secundaria.jpg 1300w\" sizes=\"(max-width: 1024px) 100vw, 1024px\" \/><\/figure><\/li><\/ul><\/figure>","protected":false},"excerpt":{"rendered":"<p>Em 7 de setembro de 2021, o Sr. \u00cd\u00f1igo Guevara Moyano, Diretor da Janes Washington, DC Company, professor e especialista em \u00e1reas de tecnologia emergente e aplica\u00e7\u00e3o militar, seguran\u00e7a nacional, an\u00e1lise de intelig\u00eancia, com\u00e9rcio internacional de armas e pol\u00edtica de seguran\u00e7a internacional, ofereceu sua colabora\u00e7\u00e3o trabalhar em conjunto com a JID; Ent\u00e3o [\u2026]<\/p>","protected":false},"author":18,"featured_media":31909,"comment_status":"closed","ping_status":"closed","sticky":false,"template":"","format":"standard","meta":{"footnotes":""},"categories":[13],"tags":[],"destacado":[],"class_list":["post-31908","post","type-post","status-publish","format-standard","has-post-thumbnail","hentry","category-noticias"],"_links":{"self":[{"href":"https:\/\/jid.org\/pt\/wp-json\/wp\/v2\/posts\/31908","targetHints":{"allow":["GET"]}}],"collection":[{"href":"https:\/\/jid.org\/pt\/wp-json\/wp\/v2\/posts"}],"about":[{"href":"https:\/\/jid.org\/pt\/wp-json\/wp\/v2\/types\/post"}],"author":[{"embeddable":true,"href":"https:\/\/jid.org\/pt\/wp-json\/wp\/v2\/users\/18"}],"replies":[{"embeddable":true,"href":"https:\/\/jid.org\/pt\/wp-json\/wp\/v2\/comments?post=31908"}],"version-history":[{"count":0,"href":"https:\/\/jid.org\/pt\/wp-json\/wp\/v2\/posts\/31908\/revisions"}],"wp:featuredmedia":[{"embeddable":true,"href":"https:\/\/jid.org\/pt\/wp-json\/wp\/v2\/media\/31909"}],"wp:attachment":[{"href":"https:\/\/jid.org\/pt\/wp-json\/wp\/v2\/media?parent=31908"}],"wp:term":[{"taxonomy":"category","embeddable":true,"href":"https:\/\/jid.org\/pt\/wp-json\/wp\/v2\/categories?post=31908"},{"taxonomy":"post_tag","embeddable":true,"href":"https:\/\/jid.org\/pt\/wp-json\/wp\/v2\/tags?post=31908"},{"taxonomy":"destacado","embeddable":true,"href":"https:\/\/jid.org\/pt\/wp-json\/wp\/v2\/destacado?post=31908"}],"curies":[{"name":"wp","href":"https:\/\/api.w.org\/{rel}","templated":true}]}}