{"id":32150,"date":"2021-09-27T11:27:05","date_gmt":"2021-09-27T15:27:05","guid":{"rendered":"https:\/\/opanlcom-cp6.wordpresstemporal.com\/JID\/?p=32150"},"modified":"2021-11-16T15:11:09","modified_gmt":"2021-11-16T20:11:09","slug":"conferencia-hemisferica-de-ciberdefensa-2021","status":"publish","type":"post","link":"https:\/\/jid.org\/pt\/conferencia-hemisferica-de-ciberdefensa-2021\/","title":{"rendered":"Confer\u00eancia Hemisf\u00e9rica de Defesa Cibern\u00e9tica \u2013 2021"},"content":{"rendered":"<p>A partir das 9h do dia 17 de novembro de 2021, a Junta Interamericana de Defesa realizar\u00e1 virtualmente a Confer\u00eancia Hemisf\u00e9rica de Defesa Cibern\u00e9tica \u2013 2021.<\/p>\n\n\n\n<figure class=\"wp-block-gallery columns-1 is-cropped wp-block-gallery-1 is-layout-flex wp-block-gallery-is-layout-flex\"><ul class=\"blocks-gallery-grid\"><li class=\"blocks-gallery-item\"><figure><img fetchpriority=\"high\" decoding=\"async\" width=\"732\" height=\"921\" src=\"jid.org\/wp-content\/uploads\/2021\/11\/ciber-ok-1.png\" alt=\"\" data-id=\"32511\" data-link=\"jid.org\/?attachment_id=32511\" class=\"wp-image-32511\" srcset=\"https:\/\/jid.org\/wp-content\/uploads\/2021\/11\/ciber-ok-1.png 732w, https:\/\/jid.org\/wp-content\/uploads\/2021\/11\/ciber-ok-1-238x300.png 238w\" sizes=\"(max-width: 732px) 100vw, 732px\" \/><\/figure><\/li><\/ul><\/figure>\n\n\n\n<figure class=\"wp-block-gallery columns-1 is-cropped wp-block-gallery-2 is-layout-flex wp-block-gallery-is-layout-flex\"><ul class=\"blocks-gallery-grid\"><li class=\"blocks-gallery-item\"><figure><img decoding=\"async\" width=\"658\" height=\"843\" src=\"jid.org\/wp-content\/uploads\/2021\/11\/ciber-ok-2-1.png\" alt=\"\" data-id=\"32513\" data-full-url=\"jid.org\/wp-content\/uploads\/2021\/11\/ciber-ok-2-1.png\" data-link=\"jid.org\/?attachment_id=32513\" class=\"wp-image-32513\" srcset=\"https:\/\/jid.org\/wp-content\/uploads\/2021\/11\/ciber-ok-2-1.png 658w, https:\/\/jid.org\/wp-content\/uploads\/2021\/11\/ciber-ok-2-1-234x300.png 234w\" sizes=\"(max-width: 658px) 100vw, 658px\" \/><\/figure><\/li><\/ul><\/figure>","protected":false},"excerpt":{"rendered":"<p>A partir das 9h do dia 17 de novembro de 2021, a Junta Interamericana de Defesa realizar\u00e1 virtualmente a Confer\u00eancia Hemisf\u00e9rica de Defesa Cibern\u00e9tica \u2013 2021.<\/p>","protected":false},"author":18,"featured_media":32151,"comment_status":"closed","ping_status":"closed","sticky":false,"template":"","format":"standard","meta":{"footnotes":""},"categories":[13],"tags":[],"destacado":[],"class_list":["post-32150","post","type-post","status-publish","format-standard","has-post-thumbnail","hentry","category-noticias"],"_links":{"self":[{"href":"https:\/\/jid.org\/pt\/wp-json\/wp\/v2\/posts\/32150","targetHints":{"allow":["GET"]}}],"collection":[{"href":"https:\/\/jid.org\/pt\/wp-json\/wp\/v2\/posts"}],"about":[{"href":"https:\/\/jid.org\/pt\/wp-json\/wp\/v2\/types\/post"}],"author":[{"embeddable":true,"href":"https:\/\/jid.org\/pt\/wp-json\/wp\/v2\/users\/18"}],"replies":[{"embeddable":true,"href":"https:\/\/jid.org\/pt\/wp-json\/wp\/v2\/comments?post=32150"}],"version-history":[{"count":0,"href":"https:\/\/jid.org\/pt\/wp-json\/wp\/v2\/posts\/32150\/revisions"}],"wp:featuredmedia":[{"embeddable":true,"href":"https:\/\/jid.org\/pt\/wp-json\/wp\/v2\/media\/32151"}],"wp:attachment":[{"href":"https:\/\/jid.org\/pt\/wp-json\/wp\/v2\/media?parent=32150"}],"wp:term":[{"taxonomy":"category","embeddable":true,"href":"https:\/\/jid.org\/pt\/wp-json\/wp\/v2\/categories?post=32150"},{"taxonomy":"post_tag","embeddable":true,"href":"https:\/\/jid.org\/pt\/wp-json\/wp\/v2\/tags?post=32150"},{"taxonomy":"destacado","embeddable":true,"href":"https:\/\/jid.org\/pt\/wp-json\/wp\/v2\/destacado?post=32150"}],"curies":[{"name":"wp","href":"https:\/\/api.w.org\/{rel}","templated":true}]}}