{"id":32338,"date":"2021-10-25T15:05:54","date_gmt":"2021-10-25T19:05:54","guid":{"rendered":"https:\/\/opanlcom-cp6.wordpresstemporal.com\/JID\/?p=32338"},"modified":"2021-10-25T15:08:49","modified_gmt":"2021-10-25T19:08:49","slug":"reunion-del-teniente-general-enzo-bernardini-de-las-fuerzas-armadas-de-italia-y-el-liderazgo-de-la-jid","status":"publish","type":"post","link":"https:\/\/jid.org\/pt\/reunion-del-teniente-general-enzo-bernardini-de-las-fuerzas-armadas-de-italia-y-el-liderazgo-de-la-jid\/","title":{"rendered":"Reuni\u00e3o do Tenente General Enzo Bernardini, das For\u00e7as Armadas Italianas e da lideran\u00e7a da JID"},"content":{"rendered":"<p>No dia 21 de outubro, o encontro do Tenente General Enzo Bernardini, chefiando uma delega\u00e7\u00e3o do Corpo de Carabinieri Italiano, com o Diretor Geral da Secretaria da Junta Interamericana de Defesa, General da Brigada Porfirio Fuentes V\u00e9lez.<\/p>\n\n\n\n<p>O exposto permitiu conhecer e explorar pontos de coopera\u00e7\u00e3o que apoiam o trabalho realizado pela Junta Interamericana de Defesa na \u00e1rea de Seguran\u00e7a Hemisf\u00e9rica.<\/p>\n\n\n\n<figure class=\"wp-block-gallery columns-2 is-cropped wp-block-gallery-1 is-layout-flex wp-block-gallery-is-layout-flex\"><ul class=\"blocks-gallery-grid\"><li class=\"blocks-gallery-item\"><figure><img fetchpriority=\"high\" decoding=\"async\" width=\"1024\" height=\"682\" src=\"jid.org\/wp-content\/uploads\/2021\/10\/IMG_6419-1024x682.jpg\" alt=\"\" data-id=\"32340\" data-link=\"jid.org\/?attachment_id=32340\" class=\"wp-image-32340\" srcset=\"https:\/\/jid.org\/wp-content\/uploads\/2021\/10\/IMG_6419-1024x682.jpg 1024w, https:\/\/jid.org\/wp-content\/uploads\/2021\/10\/IMG_6419-300x200.jpg 300w, https:\/\/jid.org\/wp-content\/uploads\/2021\/10\/IMG_6419-768x512.jpg 768w, https:\/\/jid.org\/wp-content\/uploads\/2021\/10\/IMG_6419.jpg 1300w\" sizes=\"(max-width: 1024px) 100vw, 1024px\" \/><\/figure><\/li><li class=\"blocks-gallery-item\"><figure><img decoding=\"async\" width=\"1024\" height=\"850\" src=\"jid.org\/wp-content\/uploads\/2021\/10\/IMG_6444-1024x850.jpg\" alt=\"\" data-id=\"32341\" data-full-url=\"jid.org\/wp-content\/uploads\/2021\/10\/IMG_6444.jpg\" data-link=\"jid.org\/?attachment_id=32341\" class=\"wp-image-32341\" srcset=\"https:\/\/jid.org\/wp-content\/uploads\/2021\/10\/IMG_6444-1024x850.jpg 1024w, https:\/\/jid.org\/wp-content\/uploads\/2021\/10\/IMG_6444-300x249.jpg 300w, https:\/\/jid.org\/wp-content\/uploads\/2021\/10\/IMG_6444-768x637.jpg 768w, https:\/\/jid.org\/wp-content\/uploads\/2021\/10\/IMG_6444.jpg 1300w\" sizes=\"(max-width: 1024px) 100vw, 1024px\" \/><\/figure><\/li><\/ul><\/figure>","protected":false},"excerpt":{"rendered":"<p>No dia 21 de outubro, o encontro do Tenente General Enzo Bernardini, chefiando uma delega\u00e7\u00e3o do Corpo de Carabinieri Italiano, com o Diretor Geral da Secretaria da Junta Interamericana de Defesa, General da Brigada Porfirio Fuentes V\u00e9lez. O exposto nos permitiu conhecer e explorar [...]<\/p>","protected":false},"author":18,"featured_media":32339,"comment_status":"closed","ping_status":"closed","sticky":false,"template":"","format":"standard","meta":{"footnotes":""},"categories":[13],"tags":[],"destacado":[],"class_list":["post-32338","post","type-post","status-publish","format-standard","has-post-thumbnail","hentry","category-noticias"],"_links":{"self":[{"href":"https:\/\/jid.org\/pt\/wp-json\/wp\/v2\/posts\/32338","targetHints":{"allow":["GET"]}}],"collection":[{"href":"https:\/\/jid.org\/pt\/wp-json\/wp\/v2\/posts"}],"about":[{"href":"https:\/\/jid.org\/pt\/wp-json\/wp\/v2\/types\/post"}],"author":[{"embeddable":true,"href":"https:\/\/jid.org\/pt\/wp-json\/wp\/v2\/users\/18"}],"replies":[{"embeddable":true,"href":"https:\/\/jid.org\/pt\/wp-json\/wp\/v2\/comments?post=32338"}],"version-history":[{"count":0,"href":"https:\/\/jid.org\/pt\/wp-json\/wp\/v2\/posts\/32338\/revisions"}],"wp:featuredmedia":[{"embeddable":true,"href":"https:\/\/jid.org\/pt\/wp-json\/wp\/v2\/media\/32339"}],"wp:attachment":[{"href":"https:\/\/jid.org\/pt\/wp-json\/wp\/v2\/media?parent=32338"}],"wp:term":[{"taxonomy":"category","embeddable":true,"href":"https:\/\/jid.org\/pt\/wp-json\/wp\/v2\/categories?post=32338"},{"taxonomy":"post_tag","embeddable":true,"href":"https:\/\/jid.org\/pt\/wp-json\/wp\/v2\/tags?post=32338"},{"taxonomy":"destacado","embeddable":true,"href":"https:\/\/jid.org\/pt\/wp-json\/wp\/v2\/destacado?post=32338"}],"curies":[{"name":"wp","href":"https:\/\/api.w.org\/{rel}","templated":true}]}}