{"id":32472,"date":"2021-11-04T14:43:10","date_gmt":"2021-11-04T18:43:10","guid":{"rendered":"https:\/\/opanlcom-cp6.wordpresstemporal.com\/JID\/?p=32472"},"modified":"2021-11-04T14:44:31","modified_gmt":"2021-11-04T18:44:31","slug":"visita-del-secretario-general-del-sicofaa-a-la-jid","status":"publish","type":"post","link":"https:\/\/jid.org\/pt\/visita-del-secretario-general-del-sicofaa-a-la-jid\/","title":{"rendered":"Visita do Secret\u00e1rio Geral do SICOFAA \u00e0 JID"},"content":{"rendered":"<p>No dia 1\u00ba de novembro de 2021, o Secret\u00e1rio-Geral do Sistema de Coopera\u00e7\u00e3o entre as For\u00e7as A\u00e9reas Americanas (SICOFAA) visitou a Junta Interamericana de Defesa na Casa do Soldado, com o objetivo de fortalecer os la\u00e7os de amizade e coopera\u00e7\u00e3o que permitam integrar esfor\u00e7os de ambas as organiza\u00e7\u00f5es em projetos futuros relativos \u00e0 seguran\u00e7a, defesa e ajuda humanit\u00e1ria no hemisf\u00e9rio.<\/p>\n\n\n\n<figure class=\"wp-block-gallery columns-2 is-cropped wp-block-gallery-1 is-layout-flex wp-block-gallery-is-layout-flex\"><ul class=\"blocks-gallery-grid\"><li class=\"blocks-gallery-item\"><figure><img fetchpriority=\"high\" decoding=\"async\" width=\"1024\" height=\"768\" src=\"jid.org\/wp-content\/uploads\/2021\/11\/1-3-1024x768.jpg\" alt=\"\" data-id=\"32478\" data-link=\"jid.org\/?attachment_id=32478\" class=\"wp-image-32478\" srcset=\"https:\/\/jid.org\/wp-content\/uploads\/2021\/11\/1-3-1024x768.jpg 1024w, https:\/\/jid.org\/wp-content\/uploads\/2021\/11\/1-3-300x225.jpg 300w, https:\/\/jid.org\/wp-content\/uploads\/2021\/11\/1-3-768x576.jpg 768w, https:\/\/jid.org\/wp-content\/uploads\/2021\/11\/1-3.jpg 1300w\" sizes=\"(max-width: 1024px) 100vw, 1024px\" \/><\/figure><\/li><li class=\"blocks-gallery-item\"><figure><img decoding=\"async\" width=\"1024\" height=\"682\" src=\"jid.org\/wp-content\/uploads\/2021\/11\/2-1-1024x682.jpg\" alt=\"\" data-id=\"32479\" data-full-url=\"jid.org\/wp-content\/uploads\/2021\/11\/2-1.jpg\" data-link=\"jid.org\/?attachment_id=32479\" class=\"wp-image-32479\" srcset=\"https:\/\/jid.org\/wp-content\/uploads\/2021\/11\/2-1-1024x682.jpg 1024w, https:\/\/jid.org\/wp-content\/uploads\/2021\/11\/2-1-300x200.jpg 300w, https:\/\/jid.org\/wp-content\/uploads\/2021\/11\/2-1-768x512.jpg 768w, https:\/\/jid.org\/wp-content\/uploads\/2021\/11\/2-1.jpg 1300w\" sizes=\"(max-width: 1024px) 100vw, 1024px\" \/><\/figure><\/li><\/ul><\/figure>","protected":false},"excerpt":{"rendered":"<p>No dia 1\u00ba de novembro de 2021, o Secret\u00e1rio-Geral do Sistema de Coopera\u00e7\u00e3o entre as For\u00e7as A\u00e9reas Americanas (SICOFAA) visitou a Junta Interamericana de Defesa na Casa do Soldado, com o objetivo de fortalecer os la\u00e7os de amizade e coopera\u00e7\u00e3o que permitam integrar esfor\u00e7os de ambas as organiza\u00e7\u00f5es em projetos futuros relativos [...]<\/p>","protected":false},"author":18,"featured_media":32473,"comment_status":"closed","ping_status":"closed","sticky":false,"template":"","format":"standard","meta":{"footnotes":""},"categories":[13],"tags":[],"destacado":[],"class_list":["post-32472","post","type-post","status-publish","format-standard","has-post-thumbnail","hentry","category-noticias"],"_links":{"self":[{"href":"https:\/\/jid.org\/pt\/wp-json\/wp\/v2\/posts\/32472","targetHints":{"allow":["GET"]}}],"collection":[{"href":"https:\/\/jid.org\/pt\/wp-json\/wp\/v2\/posts"}],"about":[{"href":"https:\/\/jid.org\/pt\/wp-json\/wp\/v2\/types\/post"}],"author":[{"embeddable":true,"href":"https:\/\/jid.org\/pt\/wp-json\/wp\/v2\/users\/18"}],"replies":[{"embeddable":true,"href":"https:\/\/jid.org\/pt\/wp-json\/wp\/v2\/comments?post=32472"}],"version-history":[{"count":0,"href":"https:\/\/jid.org\/pt\/wp-json\/wp\/v2\/posts\/32472\/revisions"}],"wp:featuredmedia":[{"embeddable":true,"href":"https:\/\/jid.org\/pt\/wp-json\/wp\/v2\/media\/32473"}],"wp:attachment":[{"href":"https:\/\/jid.org\/pt\/wp-json\/wp\/v2\/media?parent=32472"}],"wp:term":[{"taxonomy":"category","embeddable":true,"href":"https:\/\/jid.org\/pt\/wp-json\/wp\/v2\/categories?post=32472"},{"taxonomy":"post_tag","embeddable":true,"href":"https:\/\/jid.org\/pt\/wp-json\/wp\/v2\/tags?post=32472"},{"taxonomy":"destacado","embeddable":true,"href":"https:\/\/jid.org\/pt\/wp-json\/wp\/v2\/destacado?post=32472"}],"curies":[{"name":"wp","href":"https:\/\/api.w.org\/{rel}","templated":true}]}}