{"id":33212,"date":"2022-03-02T13:00:51","date_gmt":"2022-03-02T18:00:51","guid":{"rendered":"https:\/\/opanlcom-cp6.wordpresstemporal.com\/JID\/?p=33212"},"modified":"2022-03-02T13:03:25","modified_gmt":"2022-03-02T18:03:25","slug":"visita-del-director-interino-del-departamento-de-seguridad-publica-de-la-o-e-a","status":"publish","type":"post","link":"https:\/\/jid.org\/pt\/visita-del-director-interino-del-departamento-de-seguridad-publica-de-la-o-e-a\/","title":{"rendered":"Visita do Diretor Interino do Departamento de Seguran\u00e7a P\u00fablica da OEA"},"content":{"rendered":"<p>No dia 2 de mar\u00e7o, o Vice-Almirante Alexandre Rabello de Faria, Presidente do Conselho de Delegados e General Porfirio Fuentes V\u00e9lez. O Diretor-Geral da Secretaria da Junta Interamericana de Defesa (JID), reuniu-se na \u201cCasa del Soldado\u201d com o Diretor Interino do Departamento de Seguran\u00e7a P\u00fablica da Secretaria de Seguran\u00e7a Multidimensional da OEA, Sr. o objetivo de fortalecer os la\u00e7os de colabora\u00e7\u00e3o e coopera\u00e7\u00e3o da JID com esse Departamento em quest\u00f5es de seguran\u00e7a e defesa.<\/p>\n\n\n\n<p>Dentre os aspectos abordados, destacam-se: a disposi\u00e7\u00e3o e articula\u00e7\u00e3o da Diretoria, para contribuir no desenvolvimento de cursos que contribuam para a identifica\u00e7\u00e3o e rastreabilidade de muni\u00e7\u00f5es ilegais - o fortalecimento do Programa de Desminagem Humanit\u00e1ria, o desenvolvimento de atividades acad\u00eamicas que fortalecer as Medidas para Promover e Confiar na Seguran\u00e7a Hemisf\u00e9rica, entre outras.<\/p>\n\n\n\n<p>Este tipo de coordena\u00e7\u00e3o contribui para fortalecer a capacidade de resposta e os servi\u00e7os das institui\u00e7\u00f5es e se desenvolve no \u00e2mbito da comemora\u00e7\u00e3o do anivers\u00e1rio da Junta Interamericana de Defesa.<\/p>\n\n\n\n<figure class=\"wp-block-gallery columns-1 is-cropped wp-block-gallery-1 is-layout-flex wp-block-gallery-is-layout-flex\"><ul class=\"blocks-gallery-grid\"><li class=\"blocks-gallery-item\"><figure><img fetchpriority=\"high\" decoding=\"async\" width=\"1024\" height=\"682\" src=\"jid.org\/wp-content\/uploads\/2022\/03\/liderazgo-2-1024x682.jpg\" alt=\"\" data-id=\"33216\" data-full-url=\"jid.org\/wp-content\/uploads\/2022\/03\/liderazgo-2.jpg\" data-link=\"jid.org\/?attachment_id=33216\" class=\"wp-image-33216\" srcset=\"https:\/\/jid.org\/wp-content\/uploads\/2022\/03\/liderazgo-2-1024x682.jpg 1024w, https:\/\/jid.org\/wp-content\/uploads\/2022\/03\/liderazgo-2-300x200.jpg 300w, https:\/\/jid.org\/wp-content\/uploads\/2022\/03\/liderazgo-2-768x512.jpg 768w, https:\/\/jid.org\/wp-content\/uploads\/2022\/03\/liderazgo-2.jpg 1300w\" sizes=\"(max-width: 1024px) 100vw, 1024px\" \/><\/figure><\/li><\/ul><\/figure>\n\n\n\n<figure class=\"wp-block-gallery columns-1 is-cropped wp-block-gallery-2 is-layout-flex wp-block-gallery-is-layout-flex\"><ul class=\"blocks-gallery-grid\"><li class=\"blocks-gallery-item\"><figure><img decoding=\"async\" width=\"1024\" height=\"682\" src=\"jid.org\/wp-content\/uploads\/2022\/03\/liderazgo-3-1024x682.jpg\" alt=\"\" data-id=\"33217\" data-full-url=\"jid.org\/wp-content\/uploads\/2022\/03\/liderazgo-3.jpg\" data-link=\"jid.org\/?attachment_id=33217\" class=\"wp-image-33217\" srcset=\"https:\/\/jid.org\/wp-content\/uploads\/2022\/03\/liderazgo-3-1024x682.jpg 1024w, https:\/\/jid.org\/wp-content\/uploads\/2022\/03\/liderazgo-3-300x200.jpg 300w, https:\/\/jid.org\/wp-content\/uploads\/2022\/03\/liderazgo-3-768x512.jpg 768w, https:\/\/jid.org\/wp-content\/uploads\/2022\/03\/liderazgo-3.jpg 1300w\" sizes=\"(max-width: 1024px) 100vw, 1024px\" \/><\/figure><\/li><\/ul><\/figure>","protected":false},"excerpt":{"rendered":"<p>No dia 2 de mar\u00e7o, o Vice-Almirante Alexandre Rabello de Faria, Presidente do Conselho de Delegados e General Porfirio Fuentes V\u00e9lez. Diretor Geral da Secretaria da Junta Interamericana de Defesa (JID), reuniu-se na \u201cCasa del Soldado\u201d com o Diretor Interino do Departamento de Seguran\u00e7a P\u00fablica da Secretaria de Seguran\u00e7a Multidimensional de [\u2026]<\/p>","protected":false},"author":18,"featured_media":33213,"comment_status":"closed","ping_status":"closed","sticky":false,"template":"","format":"standard","meta":{"footnotes":""},"categories":[13],"tags":[],"destacado":[],"class_list":["post-33212","post","type-post","status-publish","format-standard","has-post-thumbnail","hentry","category-noticias"],"_links":{"self":[{"href":"https:\/\/jid.org\/pt\/wp-json\/wp\/v2\/posts\/33212","targetHints":{"allow":["GET"]}}],"collection":[{"href":"https:\/\/jid.org\/pt\/wp-json\/wp\/v2\/posts"}],"about":[{"href":"https:\/\/jid.org\/pt\/wp-json\/wp\/v2\/types\/post"}],"author":[{"embeddable":true,"href":"https:\/\/jid.org\/pt\/wp-json\/wp\/v2\/users\/18"}],"replies":[{"embeddable":true,"href":"https:\/\/jid.org\/pt\/wp-json\/wp\/v2\/comments?post=33212"}],"version-history":[{"count":0,"href":"https:\/\/jid.org\/pt\/wp-json\/wp\/v2\/posts\/33212\/revisions"}],"wp:featuredmedia":[{"embeddable":true,"href":"https:\/\/jid.org\/pt\/wp-json\/wp\/v2\/media\/33213"}],"wp:attachment":[{"href":"https:\/\/jid.org\/pt\/wp-json\/wp\/v2\/media?parent=33212"}],"wp:term":[{"taxonomy":"category","embeddable":true,"href":"https:\/\/jid.org\/pt\/wp-json\/wp\/v2\/categories?post=33212"},{"taxonomy":"post_tag","embeddable":true,"href":"https:\/\/jid.org\/pt\/wp-json\/wp\/v2\/tags?post=33212"},{"taxonomy":"destacado","embeddable":true,"href":"https:\/\/jid.org\/pt\/wp-json\/wp\/v2\/destacado?post=33212"}],"curies":[{"name":"wp","href":"https:\/\/api.w.org\/{rel}","templated":true}]}}