{"id":33375,"date":"2022-03-11T11:51:01","date_gmt":"2022-03-11T16:51:01","guid":{"rendered":"https:\/\/opanlcom-cp6.wordpresstemporal.com\/JID\/?p=33375"},"modified":"2022-03-11T11:52:49","modified_gmt":"2022-03-11T16:52:49","slug":"ponencia-en-reunion-extraordinaria-sobre-el-liderazgo-de-la-mujer-en-la-seguridad-hemisferica","status":"publish","type":"post","link":"https:\/\/jid.org\/pt\/ponencia-en-reunion-extraordinaria-sobre-el-liderazgo-de-la-mujer-en-la-seguridad-hemisferica\/","title":{"rendered":"Apresenta\u00e7\u00e3o na Reuni\u00e3o Extraordin\u00e1ria sobre Lideran\u00e7a Feminina na Seguran\u00e7a Hemisf\u00e9rica"},"content":{"rendered":"<p>No dia 9 de mar\u00e7o, a Junta Interamericana de Defesa participou como expositora na Reuni\u00e3o Extraordin\u00e1ria da Comiss\u00e3o de Seguran\u00e7a Hemisf\u00e9rica do Conselho Permanente da Organiza\u00e7\u00e3o dos Estados Americanos (OEA), realizada no \u00e2mbito da comemora\u00e7\u00e3o do<strong>Dia Internacional da Mulher, evento acad\u00eamico que busca fortalecer <\/strong>lideran\u00e7a das mulheres na seguran\u00e7a do continente.<\/p>\n\n\n\n<p>A Capit\u00e3 Helen Huambo, membro do Secretariado do Conselho, fez a apresenta\u00e7\u00e3o sobre a integra\u00e7\u00e3o das mulheres nas For\u00e7as Armadas dos Estados membros nas actividades pr\u00f3prias da organiza\u00e7\u00e3o; destacando que a presen\u00e7a de mulheres na hist\u00f3ria da JID foi progressiva e se adaptou ao avan\u00e7o das mulheres na carreira militar; O ano de 2017 foi o de recep\u00e7\u00e3o da primeira-oficial da Marinha do Brasil, atribuindo-lhe fun\u00e7\u00f5es dentro de sua estrutura org\u00e2nica.  Atualmente, a Junta Interamericana de Defesa conta com quatro militares do Brasil e do Peru, que cumprem miss\u00f5es profissionais na Secretaria-Geral desta Organiza\u00e7\u00e3o. <\/p>\n\n\n\n<p>Este evento se soma como mais uma atividade prevista para comemorar os 80 anos de cria\u00e7\u00e3o da JID, em conformidade com sua miss\u00e3o como entidade t\u00e9cnica, consultiva e educacional em assuntos militares e de defesa do Hemisf\u00e9rio; Da mesma forma, foram planejadas atividades como: o semin\u00e1rio e a Revista Mulheres Paz e Seguran\u00e7a, e o 1\u00ba. Curso b\u00e1sico de Assist\u00eancia e prote\u00e7\u00e3o em emerg\u00eancias qu\u00edmicas para mulheres das For\u00e7as Armadas dos Estados Membros da OPAQ-BID (modalidade online).<\/p>\n\n\n\n<figure class=\"wp-block-gallery columns-1 is-cropped wp-block-gallery-1 is-layout-flex wp-block-gallery-is-layout-flex\"><ul class=\"blocks-gallery-grid\"><li class=\"blocks-gallery-item\"><figure><img fetchpriority=\"high\" decoding=\"async\" width=\"1024\" height=\"682\" src=\"jid.org\/wp-content\/uploads\/2022\/03\/2DA.-MG_1480-1024x682.jpg\" alt=\"\" data-id=\"33377\" data-full-url=\"jid.org\/wp-content\/uploads\/2022\/03\/2DA.-MG_1480.jpg\" data-link=\"jid.org\/?attachment_id=33377\" class=\"wp-image-33377\" srcset=\"https:\/\/jid.org\/wp-content\/uploads\/2022\/03\/2DA.-MG_1480-1024x682.jpg 1024w, https:\/\/jid.org\/wp-content\/uploads\/2022\/03\/2DA.-MG_1480-300x200.jpg 300w, https:\/\/jid.org\/wp-content\/uploads\/2022\/03\/2DA.-MG_1480-768x512.jpg 768w, https:\/\/jid.org\/wp-content\/uploads\/2022\/03\/2DA.-MG_1480.jpg 1300w\" sizes=\"(max-width: 1024px) 100vw, 1024px\" \/><\/figure><\/li><\/ul><\/figure>\n\n\n\n<figure class=\"wp-block-gallery columns-1 is-cropped wp-block-gallery-2 is-layout-flex wp-block-gallery-is-layout-flex\"><ul class=\"blocks-gallery-grid\"><li class=\"blocks-gallery-item\"><figure><img decoding=\"async\" width=\"1024\" height=\"682\" src=\"jid.org\/wp-content\/uploads\/2022\/03\/3rA.-IMG_1478-1024x682.jpg\" alt=\"\" data-id=\"33378\" data-full-url=\"jid.org\/wp-content\/uploads\/2022\/03\/3rA.-IMG_1478.jpg\" data-link=\"jid.org\/?attachment_id=33378\" class=\"wp-image-33378\" srcset=\"https:\/\/jid.org\/wp-content\/uploads\/2022\/03\/3rA.-IMG_1478-1024x682.jpg 1024w, https:\/\/jid.org\/wp-content\/uploads\/2022\/03\/3rA.-IMG_1478-300x200.jpg 300w, https:\/\/jid.org\/wp-content\/uploads\/2022\/03\/3rA.-IMG_1478-768x512.jpg 768w, https:\/\/jid.org\/wp-content\/uploads\/2022\/03\/3rA.-IMG_1478.jpg 1300w\" sizes=\"(max-width: 1024px) 100vw, 1024px\" \/><\/figure><\/li><\/ul><\/figure>\n\n\n\n<figure class=\"wp-block-gallery columns-1 is-cropped wp-block-gallery-3 is-layout-flex wp-block-gallery-is-layout-flex\"><ul class=\"blocks-gallery-grid\"><li class=\"blocks-gallery-item\"><figure><img decoding=\"async\" width=\"1024\" height=\"768\" src=\"jid.org\/wp-content\/uploads\/2022\/03\/4TA.-IMG-20220310-WA0033-1024x768.jpg\" alt=\"\" data-id=\"33379\" data-full-url=\"jid.org\/wp-content\/uploads\/2022\/03\/4TA.-IMG-20220310-WA0033.jpg\" data-link=\"jid.org\/?attachment_id=33379\" class=\"wp-image-33379\" srcset=\"https:\/\/jid.org\/wp-content\/uploads\/2022\/03\/4TA.-IMG-20220310-WA0033-1024x768.jpg 1024w, https:\/\/jid.org\/wp-content\/uploads\/2022\/03\/4TA.-IMG-20220310-WA0033-300x225.jpg 300w, https:\/\/jid.org\/wp-content\/uploads\/2022\/03\/4TA.-IMG-20220310-WA0033-768x576.jpg 768w, https:\/\/jid.org\/wp-content\/uploads\/2022\/03\/4TA.-IMG-20220310-WA0033-1536x1152.jpg 1536w, https:\/\/jid.org\/wp-content\/uploads\/2022\/03\/4TA.-IMG-20220310-WA0033.jpg 2048w\" sizes=\"(max-width: 1024px) 100vw, 1024px\" \/><\/figure><\/li><\/ul><\/figure>","protected":false},"excerpt":{"rendered":"<p>No dia 9 de mar\u00e7o, a Junta Interamericana de Defesa participou como oradora na Reuni\u00e3o Extraordin\u00e1ria da Comiss\u00e3o de Seguran\u00e7a Hemisf\u00e9rica do Conselho Permanente da Organiza\u00e7\u00e3o dos Estados Americanos (OEA), realizada no \u00e2mbito da comemora\u00e7\u00e3o do Dia Internacional da Mulher, evento acad\u00eamico, com o qual [\u2026]<\/p>","protected":false},"author":18,"featured_media":33376,"comment_status":"closed","ping_status":"closed","sticky":false,"template":"","format":"standard","meta":{"footnotes":""},"categories":[13],"tags":[],"destacado":[],"class_list":["post-33375","post","type-post","status-publish","format-standard","has-post-thumbnail","hentry","category-noticias"],"_links":{"self":[{"href":"https:\/\/jid.org\/pt\/wp-json\/wp\/v2\/posts\/33375","targetHints":{"allow":["GET"]}}],"collection":[{"href":"https:\/\/jid.org\/pt\/wp-json\/wp\/v2\/posts"}],"about":[{"href":"https:\/\/jid.org\/pt\/wp-json\/wp\/v2\/types\/post"}],"author":[{"embeddable":true,"href":"https:\/\/jid.org\/pt\/wp-json\/wp\/v2\/users\/18"}],"replies":[{"embeddable":true,"href":"https:\/\/jid.org\/pt\/wp-json\/wp\/v2\/comments?post=33375"}],"version-history":[{"count":0,"href":"https:\/\/jid.org\/pt\/wp-json\/wp\/v2\/posts\/33375\/revisions"}],"wp:featuredmedia":[{"embeddable":true,"href":"https:\/\/jid.org\/pt\/wp-json\/wp\/v2\/media\/33376"}],"wp:attachment":[{"href":"https:\/\/jid.org\/pt\/wp-json\/wp\/v2\/media?parent=33375"}],"wp:term":[{"taxonomy":"category","embeddable":true,"href":"https:\/\/jid.org\/pt\/wp-json\/wp\/v2\/categories?post=33375"},{"taxonomy":"post_tag","embeddable":true,"href":"https:\/\/jid.org\/pt\/wp-json\/wp\/v2\/tags?post=33375"},{"taxonomy":"destacado","embeddable":true,"href":"https:\/\/jid.org\/pt\/wp-json\/wp\/v2\/destacado?post=33375"}],"curies":[{"name":"wp","href":"https:\/\/api.w.org\/{rel}","templated":true}]}}