{"id":33589,"date":"2022-03-30T13:25:10","date_gmt":"2022-03-30T17:25:10","guid":{"rendered":"https:\/\/opanlcom-cp6.wordpresstemporal.com\/JID\/?p=33589"},"modified":"2022-03-30T13:50:48","modified_gmt":"2022-03-30T17:50:48","slug":"80-aniversario-de-la-junta-interamericana-de-defensa","status":"publish","type":"post","link":"https:\/\/jid.org\/pt\/80-aniversario-de-la-junta-interamericana-de-defensa\/","title":{"rendered":"80\u00ba Anivers\u00e1rio da Junta Interamericana de Defesa"},"content":{"rendered":"<p>No \u00e2mbito do 80\u00ba Anivers\u00e1rio da <strong>Junta Interamericana de Defesa,<\/strong> No dia 30 de mar\u00e7o foi realizada a Reuni\u00e3o Ordin\u00e1ria do Conselho de Delegados no Sal\u00e3o das Am\u00e9ricas da Organiza\u00e7\u00e3o dos Estados Americanos.<\/p>\n\n\n\n<p>Estiveram presentes autoridades da OEA (Conselho Permanente, Secretaria-Geral e Comiss\u00e3o de Seguran\u00e7a Hemisf\u00e9rica), Embaixadores dos Estados membros, Representantes Permanentes, Secret\u00e1rios de Defesa e Comandantes das For\u00e7as Armadas do Hemisf\u00e9rio, Delegados da JID e dos Pa\u00edses Observadores e do Col\u00e9gio Departamento Interamericano de Defesa, presencial e remotamente.<\/p>\n\n\n\n<p>Durante o evento, o Brigadeiro General Frank Bradfield, Delegado dos Estados Unidos da Am\u00e9rica, leu a carta do General Mark Milley, Chefe do Estado-Maior Conjunto do mesmo pa\u00eds, na qual felicitou a JID por fornecer valiosos conselhos \u00e0 OEA sobre assuntos relacionados com quest\u00f5es militares e de defesa no Hemisf\u00e9rio Ocidental e agradece a cada uma das delega\u00e7\u00f5es pelas suas contribui\u00e7\u00f5es para a seguran\u00e7a regional nos \u00faltimos 80 anos, indicando que somente defendendo valores comuns a paz regional poder\u00e1 ser mantida.<\/p>\n\n\n\n<p>O evento foi destacado com discursos comemorativos, virtualmente, das seguintes autoridades:<\/p>\n\n\n\n<p><strong>1<\/strong>. O Ministro de Estado de Minas e Energia do Brasil, Almirante Bento Alburqueque, destacou a hist\u00f3ria e as contribui\u00e7\u00f5es da JID na preven\u00e7\u00e3o de diverg\u00eancias no hemisf\u00e9rio por meio do fortalecimento dos organismos multilaterais, exemplificando a OEA, como \u00f3rg\u00e3o dirigente do Conselho, destacando as tarefas, a experi\u00eancia e a transfer\u00eancia de conhecimento que esta organiza\u00e7\u00e3o realiza em quest\u00f5es de seguran\u00e7a e defesa em benef\u00edcio do Hemisf\u00e9rio. Da mesma forma, exalta o legado dos membros do passado e do presente, pelas suas contribui\u00e7\u00f5es para continuar avan\u00e7ando na sua constru\u00e7\u00e3o.<\/p>\n\n\n\n<p><strong>2<\/strong>. O Ministro da Defesa do Brasil e atual Presidente da Confer\u00eancia dos Ministros da Defesa das Am\u00e9ricas, Sr. Walter Souza Braga Netto, comemora o anivers\u00e1rio da JID com a certeza de que a paz e a estabilidade nas Am\u00e9ricas promovem um ambiente de prosperidade e seguran\u00e7a que leva \u00e0 coexist\u00eancia fraterna e \u00e0 confian\u00e7a m\u00fatua em todos os pa\u00edses que fazem parte dessa hist\u00f3ria de sucesso.<\/p>\n\n\n\n<p><strong>3<\/strong>. A Alta Comiss\u00e1ria das Na\u00e7\u00f5es Unidas para os Direitos Humanos, Michelle Bachelet, mencionou que os actuais acontecimentos geopol\u00edticos nos mostraram que relegar a quest\u00e3o da defesa para segundo plano \u00e9 permitir desnecessariamente que as institui\u00e7\u00f5es democr\u00e1ticas e os valores do pa\u00eds sejam amea\u00e7ados pelas nossas sociedades. , portanto a JID deve ser saudada pela sua ineg\u00e1vel resist\u00eancia e reconhecer a sua import\u00e2ncia no sistema interamericano.<\/p>\n\n\n\n<p><strong>4<\/strong>. O Presidente da Col\u00f4mbia, Senhor Iv\u00e1n Duque M\u00e1rquez, mencionou que gra\u00e7as \u00e0 JID hoje temos um continente mais seguro, fruto da coopera\u00e7\u00e3o e do multilateralismo, por isso \u00e9 sem d\u00favida o caminho que devemos seguir e aprofundar nos pr\u00f3ximos anos; um caminho que tenha a seguran\u00e7a como valor democr\u00e1tico: a seguran\u00e7a hemisf\u00e9rica como prioridade.<\/p>\n\n\n\n<p>Presencialmente, proferiram discursos as seguintes personalidades:<\/p>\n\n\n\n<p><strong>1<\/strong>. O Secret\u00e1rio Geral da OEA, Sr. Luis Almagro.<\/p>\n\n\n\n<p><strong>2<\/strong>. O Presidente da Comiss\u00e3o de Seguran\u00e7a Hemisf\u00e9rica, Senhor Anthony Phillips Spencer.<\/p>\n\n\n\n<p><strong>3<\/strong>. O Presidente da Mesa do Conselho de Delegados da JID, Vice-Almirante Alexander Rabello de Faria.<\/p>\n\n\n\n<p>Por fim, a Capit\u00e3 Alexa Pereyra, membro da Secretaria da JID, elogiou o papel da mulher nesta institui\u00e7\u00e3o.&nbsp;<\/p>\n\n\n\n<p>Esta cerim\u00f4nia constitui a principal atividade que a JID realiza para comemorar \u201c80 anos do Esp\u00edrito de Coopera\u00e7\u00e3o e Solidariedade Hemisf\u00e9rica\u201d.<\/p>\n\n\n\n<figure class=\"wp-block-embed is-type-video is-provider-youtube wp-block-embed-youtube wp-embed-aspect-16-9 wp-has-aspect-ratio\"><div class=\"wp-block-embed__wrapper\">\n<iframe title=\"MENSAGEM DO MINISTRO BENTO ALBURQUEQUE PELO 80\u00ba ANIVERS\u00c1RIO DA JUNTA INTERAMERICANA DE DEFESA\" width=\"800\" height=\"450\" src=\"https:\/\/www.youtube.com\/embed\/NuI1_7udNl4?feature=oembed\" frameborder=\"0\" allow=\"accelerometer; autoplay; clipboard-write; encrypted-media; gyroscope; picture-in-picture\" allowfullscreen><\/iframe>\n<\/div><\/figure>\n\n\n\n<figure class=\"wp-block-embed is-type-video is-provider-youtube wp-block-embed-youtube wp-embed-aspect-16-9 wp-has-aspect-ratio\"><div class=\"wp-block-embed__wrapper\">\n<iframe title=\"MENSAGEM DO MINISTRO WALTER BRAGA NETTO PELO 80\u00ba ANIVERS\u00c1RIO DA JUNTA INTERAMERICANA DE DEFESA.\" width=\"800\" height=\"450\" src=\"https:\/\/www.youtube.com\/embed\/ElxjZBhaFBI?feature=oembed\" frameborder=\"0\" allow=\"accelerometer; autoplay; clipboard-write; encrypted-media; gyroscope; picture-in-picture\" allowfullscreen><\/iframe>\n<\/div><\/figure>\n\n\n\n<figure class=\"wp-block-embed is-type-video is-provider-youtube wp-block-embed-youtube wp-embed-aspect-16-9 wp-has-aspect-ratio\"><div class=\"wp-block-embed__wrapper\">\n<iframe title=\"MENSAGEM DO HC SRA. MICHELLE BACHLET PELO 80\u00ba ANIVERS\u00c1RIO DA JUNTA INTERAMERICANA DE DEFESA\" width=\"800\" height=\"450\" src=\"https:\/\/www.youtube.com\/embed\/1S3wroGXclE?feature=oembed\" frameborder=\"0\" allow=\"accelerometer; autoplay; clipboard-write; encrypted-media; gyroscope; picture-in-picture\" allowfullscreen><\/iframe>\n<\/div><\/figure>\n\n\n\n<figure class=\"wp-block-embed is-type-video is-provider-youtube wp-block-embed-youtube wp-embed-aspect-16-9 wp-has-aspect-ratio\"><div class=\"wp-block-embed__wrapper\">\n<iframe title=\"MENSAGEM DO PDTE. IVAN DUQUE M\u00c1RQUEZ PELO 80\u00ba ANIVERS\u00c1RIO DA JUNTA INTERAMERICANA DE DEFESA\" width=\"800\" height=\"450\" src=\"https:\/\/www.youtube.com\/embed\/gAIf1E33Paw?feature=oembed\" frameborder=\"0\" allow=\"accelerometer; autoplay; clipboard-write; encrypted-media; gyroscope; picture-in-picture\" allowfullscreen><\/iframe>\n<\/div><\/figure>\n\n\n\n<figure class=\"wp-block-gallery columns-1 is-cropped wp-block-gallery-1 is-layout-flex wp-block-gallery-is-layout-flex\"><ul class=\"blocks-gallery-grid\"><li class=\"blocks-gallery-item\"><figure><img fetchpriority=\"high\" decoding=\"async\" width=\"1024\" height=\"683\" src=\"jid.org\/wp-content\/uploads\/2022\/03\/foto-2-IMG_2410-1024x683.jpg\" alt=\"\" data-id=\"33591\" data-full-url=\"jid.org\/wp-content\/uploads\/2022\/03\/foto-2-IMG_2410-scaled.jpg\" data-link=\"jid.org\/?attachment_id=33591\" class=\"wp-image-33591\" srcset=\"https:\/\/jid.org\/wp-content\/uploads\/2022\/03\/foto-2-IMG_2410-1024x683.jpg 1024w, https:\/\/jid.org\/wp-content\/uploads\/2022\/03\/foto-2-IMG_2410-300x200.jpg 300w, https:\/\/jid.org\/wp-content\/uploads\/2022\/03\/foto-2-IMG_2410-768x512.jpg 768w, https:\/\/jid.org\/wp-content\/uploads\/2022\/03\/foto-2-IMG_2410-1536x1024.jpg 1536w, https:\/\/jid.org\/wp-content\/uploads\/2022\/03\/foto-2-IMG_2410-2048x1365.jpg 2048w\" sizes=\"(max-width: 1024px) 100vw, 1024px\" \/><\/figure><\/li><\/ul><\/figure>\n\n\n\n<figure class=\"wp-block-gallery columns-1 is-cropped wp-block-gallery-2 is-layout-flex wp-block-gallery-is-layout-flex\"><ul class=\"blocks-gallery-grid\"><li class=\"blocks-gallery-item\"><figure><img decoding=\"async\" width=\"1024\" height=\"683\" src=\"jid.org\/wp-content\/uploads\/2022\/03\/foto-3-IMG_2390-1024x683.jpg\" alt=\"\" data-id=\"33592\" data-full-url=\"jid.org\/wp-content\/uploads\/2022\/03\/foto-3-IMG_2390-scaled.jpg\" data-link=\"jid.org\/?attachment_id=33592\" class=\"wp-image-33592\" srcset=\"https:\/\/jid.org\/wp-content\/uploads\/2022\/03\/foto-3-IMG_2390-1024x683.jpg 1024w, https:\/\/jid.org\/wp-content\/uploads\/2022\/03\/foto-3-IMG_2390-300x200.jpg 300w, https:\/\/jid.org\/wp-content\/uploads\/2022\/03\/foto-3-IMG_2390-768x512.jpg 768w, https:\/\/jid.org\/wp-content\/uploads\/2022\/03\/foto-3-IMG_2390-1536x1024.jpg 1536w, https:\/\/jid.org\/wp-content\/uploads\/2022\/03\/foto-3-IMG_2390-2048x1365.jpg 2048w\" sizes=\"(max-width: 1024px) 100vw, 1024px\" \/><\/figure><\/li><\/ul><\/figure>\n\n\n\n<figure class=\"wp-block-gallery columns-1 is-cropped wp-block-gallery-3 is-layout-flex wp-block-gallery-is-layout-flex\"><ul class=\"blocks-gallery-grid\"><li class=\"blocks-gallery-item\"><figure><img decoding=\"async\" width=\"800\" height=\"445\" src=\"jid.org\/wp-content\/uploads\/2022\/03\/Logotipo-en-espanol-editado-1.jpg\" alt=\"\" data-id=\"33615\" data-full-url=\"jid.org\/wp-content\/uploads\/2022\/03\/Logotipo-en-espanol-editado-1.jpg\" data-link=\"jid.org\/80-aniversario-de-la-junta-interamericana-de-defensa\/logotipo-en-espanol-editado-1\/\" class=\"wp-image-33615\" srcset=\"https:\/\/jid.org\/wp-content\/uploads\/2022\/03\/Logotipo-en-espanol-editado-1.jpg 800w, https:\/\/jid.org\/wp-content\/uploads\/2022\/03\/Logotipo-en-espanol-editado-1-300x167.jpg 300w, https:\/\/jid.org\/wp-content\/uploads\/2022\/03\/Logotipo-en-espanol-editado-1-768x427.jpg 768w\" sizes=\"(max-width: 800px) 100vw, 800px\" \/><\/figure><\/li><\/ul><\/figure>","protected":false},"excerpt":{"rendered":"<p>No \u00e2mbito do 80\u00ba Anivers\u00e1rio da Junta Interamericana de Defesa, no dia 30 de mar\u00e7o, foi realizada a Reuni\u00e3o Ordin\u00e1ria do Conselho de Delegados no Sal\u00e3o das Am\u00e9ricas da Organiza\u00e7\u00e3o dos Estados Americanos. Autoridades da OEA (Conselho Permanente, Secretaria-Geral e Comiss\u00e3o de Seguran\u00e7a Hemisf\u00e9rica), Embaixadores de [\u2026]<\/p>","protected":false},"author":18,"featured_media":33590,"comment_status":"closed","ping_status":"closed","sticky":false,"template":"","format":"standard","meta":{"footnotes":""},"categories":[13],"tags":[],"destacado":[],"class_list":["post-33589","post","type-post","status-publish","format-standard","has-post-thumbnail","hentry","category-noticias"],"_links":{"self":[{"href":"https:\/\/jid.org\/pt\/wp-json\/wp\/v2\/posts\/33589","targetHints":{"allow":["GET"]}}],"collection":[{"href":"https:\/\/jid.org\/pt\/wp-json\/wp\/v2\/posts"}],"about":[{"href":"https:\/\/jid.org\/pt\/wp-json\/wp\/v2\/types\/post"}],"author":[{"embeddable":true,"href":"https:\/\/jid.org\/pt\/wp-json\/wp\/v2\/users\/18"}],"replies":[{"embeddable":true,"href":"https:\/\/jid.org\/pt\/wp-json\/wp\/v2\/comments?post=33589"}],"version-history":[{"count":0,"href":"https:\/\/jid.org\/pt\/wp-json\/wp\/v2\/posts\/33589\/revisions"}],"wp:featuredmedia":[{"embeddable":true,"href":"https:\/\/jid.org\/pt\/wp-json\/wp\/v2\/media\/33590"}],"wp:attachment":[{"href":"https:\/\/jid.org\/pt\/wp-json\/wp\/v2\/media?parent=33589"}],"wp:term":[{"taxonomy":"category","embeddable":true,"href":"https:\/\/jid.org\/pt\/wp-json\/wp\/v2\/categories?post=33589"},{"taxonomy":"post_tag","embeddable":true,"href":"https:\/\/jid.org\/pt\/wp-json\/wp\/v2\/tags?post=33589"},{"taxonomy":"destacado","embeddable":true,"href":"https:\/\/jid.org\/pt\/wp-json\/wp\/v2\/destacado?post=33589"}],"curies":[{"name":"wp","href":"https:\/\/api.w.org\/{rel}","templated":true}]}}