{"id":34344,"date":"2022-04-29T08:14:11","date_gmt":"2022-04-29T12:14:11","guid":{"rendered":"https:\/\/opanlcom-cp6.wordpresstemporal.com\/JID\/?p=34344"},"modified":"2022-04-29T08:31:58","modified_gmt":"2022-04-29T12:31:58","slug":"visita-del-centro-de-estudios-superiores-navales-a-la-jid","status":"publish","type":"post","link":"https:\/\/jid.org\/pt\/visita-del-centro-de-estudios-superiores-navales-a-la-jid\/","title":{"rendered":"Visita do Centro de Estudos Superiores Navais \u00e0 JID."},"content":{"rendered":"<p>No dia 27 de abril, o Brigadeiro-General Porfirio Fuente V\u00e9lez, Diretor Geral da Secretaria da JID, recebeu a visita de alunos do Mestrado em Seguran\u00e7a Nacional e Comando Superior e do Mestrado em Geopol\u00edtica do Centro de Estudos Superiores Navais da Secretaria. da Marinha \u2013 Marinha Mexicana, bem como representantes do Gabinete do Adido Naval Militar Mexicano nos Estados Unidos, completando sua viagem de estudos.<\/p>\n\n\n\n<p>Neste contexto, o General Fuentes apresentou ao corpo discente a confer\u00eancia \u201cOrganiza\u00e7\u00e3o, Fun\u00e7\u00f5es e Perspectivas da Junta Interamericana de Defesa\u201d, na qual foram evocados os 80 anos de Coopera\u00e7\u00e3o e Solidariedade Hemisf\u00e9rica que esta institui\u00e7\u00e3o tem cumprido.<\/p>\n\n\n\n<figure class=\"wp-block-gallery columns-1 is-cropped wp-block-gallery-1 is-layout-flex wp-block-gallery-is-layout-flex\"><ul class=\"blocks-gallery-grid\"><li class=\"blocks-gallery-item\"><figure><img fetchpriority=\"high\" decoding=\"async\" width=\"1024\" height=\"682\" src=\"jid.org\/wp-content\/uploads\/2022\/04\/IMG_3654-1024x682.jpg\" alt=\"\" data-id=\"34346\" data-full-url=\"jid.org\/wp-content\/uploads\/2022\/04\/IMG_3654.jpg\" data-link=\"jid.org\/?attachment_id=34346\" class=\"wp-image-34346\" srcset=\"https:\/\/jid.org\/wp-content\/uploads\/2022\/04\/IMG_3654-1024x682.jpg 1024w, https:\/\/jid.org\/wp-content\/uploads\/2022\/04\/IMG_3654-300x200.jpg 300w, https:\/\/jid.org\/wp-content\/uploads\/2022\/04\/IMG_3654-768x512.jpg 768w, https:\/\/jid.org\/wp-content\/uploads\/2022\/04\/IMG_3654.jpg 1300w\" sizes=\"(max-width: 1024px) 100vw, 1024px\" \/><\/figure><\/li><\/ul><\/figure>\n\n\n\n<figure class=\"wp-block-gallery columns-1 is-cropped wp-block-gallery-2 is-layout-flex wp-block-gallery-is-layout-flex\"><ul class=\"blocks-gallery-grid\"><li class=\"blocks-gallery-item\"><figure><img decoding=\"async\" width=\"964\" height=\"747\" src=\"jid.org\/wp-content\/uploads\/2022\/04\/TERCERA-FOTO-RECORDATORIOS.png\" alt=\"\" data-id=\"34347\" data-full-url=\"jid.org\/wp-content\/uploads\/2022\/04\/TERCERA-FOTO-RECORDATORIOS.png\" data-link=\"jid.org\/?attachment_id=34347\" class=\"wp-image-34347\" srcset=\"https:\/\/jid.org\/wp-content\/uploads\/2022\/04\/TERCERA-FOTO-RECORDATORIOS.png 964w, https:\/\/jid.org\/wp-content\/uploads\/2022\/04\/TERCERA-FOTO-RECORDATORIOS-300x232.png 300w, https:\/\/jid.org\/wp-content\/uploads\/2022\/04\/TERCERA-FOTO-RECORDATORIOS-768x595.png 768w\" sizes=\"(max-width: 964px) 100vw, 964px\" \/><\/figure><\/li><\/ul><\/figure>","protected":false},"excerpt":{"rendered":"<p>No dia 27 de abril, o Brigadeiro-General Porfirio Fuente V\u00e9lez, Diretor Geral da Secretaria da JID, recebeu a visita de alunos do Mestrado em Seguran\u00e7a Nacional e Comando Superior e do Mestrado em Geopol\u00edtica do Centro de Estudos Superiores Navais da Secretaria da Marinha. \u2013 Marinha Mexicana, bem como [\u2026]<\/p>","protected":false},"author":18,"featured_media":34345,"comment_status":"closed","ping_status":"closed","sticky":false,"template":"","format":"standard","meta":{"footnotes":""},"categories":[13],"tags":[],"destacado":[],"class_list":["post-34344","post","type-post","status-publish","format-standard","has-post-thumbnail","hentry","category-noticias"],"_links":{"self":[{"href":"https:\/\/jid.org\/pt\/wp-json\/wp\/v2\/posts\/34344","targetHints":{"allow":["GET"]}}],"collection":[{"href":"https:\/\/jid.org\/pt\/wp-json\/wp\/v2\/posts"}],"about":[{"href":"https:\/\/jid.org\/pt\/wp-json\/wp\/v2\/types\/post"}],"author":[{"embeddable":true,"href":"https:\/\/jid.org\/pt\/wp-json\/wp\/v2\/users\/18"}],"replies":[{"embeddable":true,"href":"https:\/\/jid.org\/pt\/wp-json\/wp\/v2\/comments?post=34344"}],"version-history":[{"count":0,"href":"https:\/\/jid.org\/pt\/wp-json\/wp\/v2\/posts\/34344\/revisions"}],"wp:featuredmedia":[{"embeddable":true,"href":"https:\/\/jid.org\/pt\/wp-json\/wp\/v2\/media\/34345"}],"wp:attachment":[{"href":"https:\/\/jid.org\/pt\/wp-json\/wp\/v2\/media?parent=34344"}],"wp:term":[{"taxonomy":"category","embeddable":true,"href":"https:\/\/jid.org\/pt\/wp-json\/wp\/v2\/categories?post=34344"},{"taxonomy":"post_tag","embeddable":true,"href":"https:\/\/jid.org\/pt\/wp-json\/wp\/v2\/tags?post=34344"},{"taxonomy":"destacado","embeddable":true,"href":"https:\/\/jid.org\/pt\/wp-json\/wp\/v2\/destacado?post=34344"}],"curies":[{"name":"wp","href":"https:\/\/api.w.org\/{rel}","templated":true}]}}