{"id":34557,"date":"2022-05-09T15:04:03","date_gmt":"2022-05-09T19:04:03","guid":{"rendered":"https:\/\/opanlcom-cp6.wordpresstemporal.com\/JID\/?p=34557"},"modified":"2022-05-09T15:11:24","modified_gmt":"2022-05-09T19:11:24","slug":"visita-de-la-escuela-de-altos-estudios-estrategicos-del-comando-superior-de-educacion-del-ejercito-de-guatemala-a-la-jid","status":"publish","type":"post","link":"https:\/\/jid.org\/pt\/visita-de-la-escuela-de-altos-estudios-estrategicos-del-comando-superior-de-educacion-del-ejercito-de-guatemala-a-la-jid\/","title":{"rendered":"Visita da Escola de Estudos Superiores Estrat\u00e9gicos do Comando de Educa\u00e7\u00e3o Superior do Ex\u00e9rcito da Guatemala \u00e0 JID"},"content":{"rendered":"<p>No dia 9 de maio, o Diretor Geral da Secretaria da JID, General de Brigada Porfirio Fuentes V\u00e9lez, recebeu a visita dos membros do Curso Superior de Estudos Estrat\u00e9gicos ministrado na Escola de Estudos Superiores Estrat\u00e9gicos do Comando de Educa\u00e7\u00e3o Superior do Ex\u00e9rcito da Guatemala. No \u00e2mbito desta visita, o Embaixador da Guatemala nos Estados Unidos da Am\u00e9rica, Alfonso Qui\u00f1onez Lemus, interagiu com os alunos com temas importantes de interesse para os seus estudos.<\/p>\n\n\n\n<p>Da mesma forma, o General Fuentes apresentou ao corpo discente a confer\u00eancia \u201cOrganiza\u00e7\u00e3o, Fun\u00e7\u00f5es e Perspectivas da Junta Interamericana de Defesa\u201d, que buscou ampliar o conhecimento sobre o trabalho que realiza e realizou em seus 80 anos de Coopera\u00e7\u00e3o e Hemisf\u00e9rico. Solidariedade.<\/p>\n\n\n\n<figure class=\"wp-block-gallery columns-1 is-cropped wp-block-gallery-1 is-layout-flex wp-block-gallery-is-layout-flex\"><ul class=\"blocks-gallery-grid\"><li class=\"blocks-gallery-item\"><figure><img fetchpriority=\"high\" decoding=\"async\" width=\"1024\" height=\"647\" src=\"jid.org\/wp-content\/uploads\/2022\/05\/1-1-1024x647.jpg\" alt=\"\" data-id=\"34574\" data-full-url=\"jid.org\/wp-content\/uploads\/2022\/05\/1-1.jpg\" data-link=\"jid.org\/visita-de-la-escuela-de-altos-estudios-estrategicos-del-comando-superior-de-educacion-del-ejercito-de-guatemala-a-la-jid\/1-1-4\/\" class=\"wp-image-34574\" srcset=\"https:\/\/jid.org\/wp-content\/uploads\/2022\/05\/1-1-1024x647.jpg 1024w, https:\/\/jid.org\/wp-content\/uploads\/2022\/05\/1-1-300x190.jpg 300w, https:\/\/jid.org\/wp-content\/uploads\/2022\/05\/1-1-768x486.jpg 768w, https:\/\/jid.org\/wp-content\/uploads\/2022\/05\/1-1.jpg 1300w\" sizes=\"(max-width: 1024px) 100vw, 1024px\" \/><\/figure><\/li><\/ul><\/figure>\n\n\n\n<figure class=\"wp-block-gallery columns-1 is-cropped wp-block-gallery-2 is-layout-flex wp-block-gallery-is-layout-flex\"><ul class=\"blocks-gallery-grid\"><li class=\"blocks-gallery-item\"><figure><img decoding=\"async\" width=\"1024\" height=\"617\" src=\"jid.org\/wp-content\/uploads\/2022\/05\/2-1024x617.jpg\" alt=\"\" data-id=\"34559\" data-full-url=\"jid.org\/wp-content\/uploads\/2022\/05\/2.jpg\" data-link=\"jid.org\/?attachment_id=34559\" class=\"wp-image-34559\" srcset=\"https:\/\/jid.org\/wp-content\/uploads\/2022\/05\/2-1024x617.jpg 1024w, https:\/\/jid.org\/wp-content\/uploads\/2022\/05\/2-300x181.jpg 300w, https:\/\/jid.org\/wp-content\/uploads\/2022\/05\/2-768x463.jpg 768w, https:\/\/jid.org\/wp-content\/uploads\/2022\/05\/2.jpg 1300w\" sizes=\"(max-width: 1024px) 100vw, 1024px\" \/><\/figure><\/li><\/ul><\/figure>\n\n\n\n<figure class=\"wp-block-gallery columns-1 is-cropped wp-block-gallery-3 is-layout-flex wp-block-gallery-is-layout-flex\"><ul class=\"blocks-gallery-grid\"><li class=\"blocks-gallery-item\"><figure><img decoding=\"async\" width=\"1024\" height=\"565\" src=\"jid.org\/wp-content\/uploads\/2022\/05\/3-1024x565.jpg\" alt=\"\" data-id=\"34560\" data-full-url=\"jid.org\/wp-content\/uploads\/2022\/05\/3.jpg\" data-link=\"jid.org\/?attachment_id=34560\" class=\"wp-image-34560\" srcset=\"https:\/\/jid.org\/wp-content\/uploads\/2022\/05\/3-1024x565.jpg 1024w, https:\/\/jid.org\/wp-content\/uploads\/2022\/05\/3-300x165.jpg 300w, https:\/\/jid.org\/wp-content\/uploads\/2022\/05\/3-768x424.jpg 768w, https:\/\/jid.org\/wp-content\/uploads\/2022\/05\/3.jpg 1300w\" sizes=\"(max-width: 1024px) 100vw, 1024px\" \/><\/figure><\/li><\/ul><\/figure>\n\n\n\n<figure class=\"wp-block-gallery columns-1 is-cropped wp-block-gallery-4 is-layout-flex wp-block-gallery-is-layout-flex\"><ul class=\"blocks-gallery-grid\"><li class=\"blocks-gallery-item\"><figure><img loading=\"lazy\" decoding=\"async\" width=\"1024\" height=\"682\" src=\"jid.org\/wp-content\/uploads\/2022\/05\/4-1024x682.jpg\" alt=\"\" data-id=\"34561\" data-full-url=\"jid.org\/wp-content\/uploads\/2022\/05\/4.jpg\" data-link=\"jid.org\/?attachment_id=34561\" class=\"wp-image-34561\" srcset=\"https:\/\/jid.org\/wp-content\/uploads\/2022\/05\/4-1024x682.jpg 1024w, https:\/\/jid.org\/wp-content\/uploads\/2022\/05\/4-300x200.jpg 300w, https:\/\/jid.org\/wp-content\/uploads\/2022\/05\/4-768x512.jpg 768w, https:\/\/jid.org\/wp-content\/uploads\/2022\/05\/4.jpg 1300w\" sizes=\"(max-width: 1024px) 100vw, 1024px\" \/><\/figure><\/li><\/ul><\/figure>","protected":false},"excerpt":{"rendered":"<p>No dia 9 de maio, o Diretor Geral da Secretaria da JID, General de Brigada Porfirio Fuentes V\u00e9lez, recebeu a visita dos membros do Curso Superior de Estudos Estrat\u00e9gicos ministrado na Escola de Estudos Superiores Estrat\u00e9gicos do Comando de Educa\u00e7\u00e3o Superior do Ex\u00e9rcito da Guatemala. No \u00e2mbito desta visita, o [\u2026]<\/p>","protected":false},"author":18,"featured_media":34558,"comment_status":"closed","ping_status":"closed","sticky":false,"template":"","format":"standard","meta":{"footnotes":""},"categories":[13],"tags":[],"destacado":[],"class_list":["post-34557","post","type-post","status-publish","format-standard","has-post-thumbnail","hentry","category-noticias"],"_links":{"self":[{"href":"https:\/\/jid.org\/pt\/wp-json\/wp\/v2\/posts\/34557","targetHints":{"allow":["GET"]}}],"collection":[{"href":"https:\/\/jid.org\/pt\/wp-json\/wp\/v2\/posts"}],"about":[{"href":"https:\/\/jid.org\/pt\/wp-json\/wp\/v2\/types\/post"}],"author":[{"embeddable":true,"href":"https:\/\/jid.org\/pt\/wp-json\/wp\/v2\/users\/18"}],"replies":[{"embeddable":true,"href":"https:\/\/jid.org\/pt\/wp-json\/wp\/v2\/comments?post=34557"}],"version-history":[{"count":0,"href":"https:\/\/jid.org\/pt\/wp-json\/wp\/v2\/posts\/34557\/revisions"}],"wp:featuredmedia":[{"embeddable":true,"href":"https:\/\/jid.org\/pt\/wp-json\/wp\/v2\/media\/34558"}],"wp:attachment":[{"href":"https:\/\/jid.org\/pt\/wp-json\/wp\/v2\/media?parent=34557"}],"wp:term":[{"taxonomy":"category","embeddable":true,"href":"https:\/\/jid.org\/pt\/wp-json\/wp\/v2\/categories?post=34557"},{"taxonomy":"post_tag","embeddable":true,"href":"https:\/\/jid.org\/pt\/wp-json\/wp\/v2\/tags?post=34557"},{"taxonomy":"destacado","embeddable":true,"href":"https:\/\/jid.org\/pt\/wp-json\/wp\/v2\/destacado?post=34557"}],"curies":[{"name":"wp","href":"https:\/\/api.w.org\/{rel}","templated":true}]}}