{"id":34620,"date":"2022-05-18T13:25:47","date_gmt":"2022-05-18T17:25:47","guid":{"rendered":"https:\/\/opanlcom-cp6.wordpresstemporal.com\/JID\/?p=34620"},"modified":"2022-05-18T13:28:48","modified_gmt":"2022-05-18T17:28:48","slug":"visita-del-colegio-de-defensa-nacional-de-mexico-a-la-jid","status":"publish","type":"post","link":"https:\/\/jid.org\/pt\/visita-del-colegio-de-defensa-nacional-de-mexico-a-la-jid\/","title":{"rendered":"Visita do Col\u00e9gio de Defesa Nacional do M\u00e9xico \u00e0 JID."},"content":{"rendered":"<p>No dia 18 de maio, o Vice-Almirante Alexandre Rabello de Faria, Presidente do Conselho de Delegados e o General Porfirio Fuentes V\u00e9lez, Diretor Geral da Secretaria da Junta Interamericana de Defesa (JID), receberam na \u201cCasa del Soldado\u201d, para Generais, Almirantes, Coron\u00e9is e Capit\u00e3es do Col\u00e9gio de Defesa Nacional (CODENAL) do M\u00e9xico, ministrando-lhes uma confer\u00eancia sobre Miss\u00e3o, Organiza\u00e7\u00e3o e resposta \u00e0 presen\u00e7a de Amea\u00e7as Hemisf\u00e9ricas, na qual temas de grande interesse para os alunos que realizam seus estudos naquela escola.<\/p>\n\n\n\n<p>A Junta Interamericana de Defesa comemora a oportunidade de colaborar com a prepara\u00e7\u00e3o proporcionada pelas Faculdades de Estudos Superiores do hemisf\u00e9rio, que tamb\u00e9m \u00e9 utilizada para ampliar o conhecimento sobre o trabalho realizado pela Junta nestes 80 anos de Coopera\u00e7\u00e3o e Solidariedade Hemisf\u00e9rica.<\/p>\n\n\n\n<figure class=\"wp-block-image size-large\"><img fetchpriority=\"high\" decoding=\"async\" width=\"1024\" height=\"491\" src=\"jid.org\/wp-content\/uploads\/2022\/05\/2-3-1024x491.jpg\" alt=\"\" class=\"wp-image-34621\" srcset=\"https:\/\/jid.org\/wp-content\/uploads\/2022\/05\/2-3-1024x491.jpg 1024w, https:\/\/jid.org\/wp-content\/uploads\/2022\/05\/2-3-300x144.jpg 300w, https:\/\/jid.org\/wp-content\/uploads\/2022\/05\/2-3-768x368.jpg 768w, https:\/\/jid.org\/wp-content\/uploads\/2022\/05\/2-3-1536x736.jpg 1536w, https:\/\/jid.org\/wp-content\/uploads\/2022\/05\/2-3-2048x982.jpg 2048w\" sizes=\"(max-width: 1024px) 100vw, 1024px\" \/><\/figure>\n\n\n\n<figure class=\"wp-block-image size-large\"><img decoding=\"async\" width=\"1024\" height=\"683\" src=\"jid.org\/wp-content\/uploads\/2022\/05\/3-3-1024x683.jpg\" alt=\"\" class=\"wp-image-34622\" srcset=\"https:\/\/jid.org\/wp-content\/uploads\/2022\/05\/3-3-1024x683.jpg 1024w, https:\/\/jid.org\/wp-content\/uploads\/2022\/05\/3-3-300x200.jpg 300w, https:\/\/jid.org\/wp-content\/uploads\/2022\/05\/3-3-768x512.jpg 768w, https:\/\/jid.org\/wp-content\/uploads\/2022\/05\/3-3-1536x1024.jpg 1536w, https:\/\/jid.org\/wp-content\/uploads\/2022\/05\/3-3-2048x1365.jpg 2048w\" sizes=\"(max-width: 1024px) 100vw, 1024px\" \/><\/figure>\n\n\n\n<figure class=\"wp-block-image size-large is-style-default\"><img decoding=\"async\" width=\"1024\" height=\"683\" src=\"jid.org\/wp-content\/uploads\/2022\/05\/4-3-1024x683.jpg\" alt=\"\" class=\"wp-image-34623\" srcset=\"https:\/\/jid.org\/wp-content\/uploads\/2022\/05\/4-3-1024x683.jpg 1024w, https:\/\/jid.org\/wp-content\/uploads\/2022\/05\/4-3-300x200.jpg 300w, https:\/\/jid.org\/wp-content\/uploads\/2022\/05\/4-3-768x512.jpg 768w, https:\/\/jid.org\/wp-content\/uploads\/2022\/05\/4-3-1536x1024.jpg 1536w, https:\/\/jid.org\/wp-content\/uploads\/2022\/05\/4-3-2048x1365.jpg 2048w\" sizes=\"(max-width: 1024px) 100vw, 1024px\" \/><\/figure>","protected":false},"excerpt":{"rendered":"<p>No dia 18 de maio, o Vice-Almirante Alexandre Rabello de Faria, Presidente do Conselho de Delegados e o General Porfirio Fuentes V\u00e9lez, Diretor Geral da Secretaria da Junta Interamericana de Defesa (JID), receberam na \u201cCasa del Soldado\u201d, para Generais, Almirantes, Coron\u00e9is e Capit\u00e3es do Col\u00e9gio de Defesa Nacional (CODENAL) do M\u00e9xico, proporcionando-lhes um [\u2026]<\/p>","protected":false},"author":18,"featured_media":34624,"comment_status":"closed","ping_status":"closed","sticky":false,"template":"","format":"standard","meta":{"footnotes":""},"categories":[13],"tags":[],"destacado":[],"class_list":["post-34620","post","type-post","status-publish","format-standard","has-post-thumbnail","hentry","category-noticias"],"_links":{"self":[{"href":"https:\/\/jid.org\/pt\/wp-json\/wp\/v2\/posts\/34620","targetHints":{"allow":["GET"]}}],"collection":[{"href":"https:\/\/jid.org\/pt\/wp-json\/wp\/v2\/posts"}],"about":[{"href":"https:\/\/jid.org\/pt\/wp-json\/wp\/v2\/types\/post"}],"author":[{"embeddable":true,"href":"https:\/\/jid.org\/pt\/wp-json\/wp\/v2\/users\/18"}],"replies":[{"embeddable":true,"href":"https:\/\/jid.org\/pt\/wp-json\/wp\/v2\/comments?post=34620"}],"version-history":[{"count":0,"href":"https:\/\/jid.org\/pt\/wp-json\/wp\/v2\/posts\/34620\/revisions"}],"wp:featuredmedia":[{"embeddable":true,"href":"https:\/\/jid.org\/pt\/wp-json\/wp\/v2\/media\/34624"}],"wp:attachment":[{"href":"https:\/\/jid.org\/pt\/wp-json\/wp\/v2\/media?parent=34620"}],"wp:term":[{"taxonomy":"category","embeddable":true,"href":"https:\/\/jid.org\/pt\/wp-json\/wp\/v2\/categories?post=34620"},{"taxonomy":"post_tag","embeddable":true,"href":"https:\/\/jid.org\/pt\/wp-json\/wp\/v2\/tags?post=34620"},{"taxonomy":"destacado","embeddable":true,"href":"https:\/\/jid.org\/pt\/wp-json\/wp\/v2\/destacado?post=34620"}],"curies":[{"name":"wp","href":"https:\/\/api.w.org\/{rel}","templated":true}]}}