{"id":35011,"date":"2022-08-04T10:25:09","date_gmt":"2022-08-04T14:25:09","guid":{"rendered":"https:\/\/opanlcom-cp6.wordpresstemporal.com\/JID\/?p=35011"},"modified":"2022-08-04T10:28:16","modified_gmt":"2022-08-04T14:28:16","slug":"participacion-de-la-jid-en-la-xv-cmda","status":"publish","type":"post","link":"https:\/\/jid.org\/pt\/participacion-de-la-jid-en-la-xv-cmda\/","title":{"rendered":"Participa\u00e7\u00e3o da JID na XV CMDA"},"content":{"rendered":"<p>A Comiss\u00e3o de Seguran\u00e7a Hemisf\u00e9rica, representada por seu Presidente, Embaixador Anthony Phillips-Spencer; a Junta Interamericana de Defesa, representada por sua lideran\u00e7a; e a Funda\u00e7\u00e3o Interamericana de Defesa, representada pelo senhor \u00d3scar Gomez, participaram como Organiza\u00e7\u00f5es Observadoras na XV Confer\u00eancia de Ministros da Defesa das Am\u00e9ricas, realizada em Bras\u00edlia, de 25 a 29 de julho.<\/p>\n\n\n\n<p>Durante a Confer\u00eancia foram discutidos v\u00e1rios temas relacionados com a Defesa e Seguran\u00e7a, entre os quais se destacam: Ciberdefesa, fluxos migrat\u00f3rios, dissuas\u00e3o integrada e desastres naturais.<\/p>\n\n\n\n<p>A JID teve a oportunidade de apresentar o Mecanismo de Coopera\u00e7\u00e3o em Desastres (MECODE) aos Ministros da Defesa e de informar sobre o sucesso do exerc\u00edcio MECODEX, bem como apresentar o planeamento do pr\u00f3ximo MECODEX-2023 a realizar-se no pr\u00f3ximo ano. A JID tamb\u00e9m p\u00f4de apresentar suas perspectivas futuras com vistas a melhor assessorar a OEA e a CMDA.<\/p>\n\n\n\n<p>Durante a Confer\u00eancia, foram realizadas reuni\u00f5es bilaterais com Argentina, Brasil, Chile, Col\u00f4mbia, Equador, Guiana, Haiti, Honduras, M\u00e9xico, Paraguai, Peru e Rep\u00fablica Dominicana, que foram de extrema import\u00e2ncia para fortalecer os la\u00e7os de coopera\u00e7\u00e3o entre a JID e seus Estados.&nbsp;<\/p>\n\n\n\n<p>Os seguintes par\u00e1grafos da Declara\u00e7\u00e3o de Bras\u00edlia mencionam a Junta Interamericana de Defesa:<\/p>\n\n\n\n<p>&quot;5. O seu reconhecimento de que a dissuas\u00e3o integrada proporciona um quadro para a manuten\u00e7\u00e3o da paz e da estabilidade no Hemisf\u00e9rio Ocidental, dando prioridade \u00e0 coopera\u00e7\u00e3o regional em todas as \u00e1reas da defesa e seguran\u00e7a, bem como reduzindo as barreiras ao interc\u00e2mbio de informa\u00e7\u00f5es e capacidades, e tal conceito ser\u00e1 referido ao Junta Interamericana de Defesa (JID) para estudos posteriores, conforme recomenda\u00e7\u00e3o do Grupo de Trabalho.<sup>4<\/sup>\u201d<\/p>\n\n\n\n<p>\u201c18. Em conformidade com o Regulamento da CMDA, solicitar \u00e0 OEA, em car\u00e1ter permanente, a participa\u00e7\u00e3o da Junta Interamericana de Defesa (JID), de acordo com as resolu\u00e7\u00f5es de sua Assembleia Geral, nas seguintes atividades:<\/p>\n\n\n\n<p>para. Coletar, compartilhar e armazenar li\u00e7\u00f5es aprendidas sobre assist\u00eancia humanit\u00e1ria no Hemisf\u00e9rio e divulg\u00e1-las aos Estados membros da OEA e da CMDA;<\/p>\n\n\n\n<p>b. Manter bases de dados atualizadas de pontos de contacto para Assist\u00eancia Humanit\u00e1ria e Ajuda em Cat\u00e1strofes (HA\/DR) de cada Estado Membro da CMDA; e<\/p>\n\n\n\n<p>c. Organizar, anualmente, um exerc\u00edcio de gabinete do Mecanismo de Coopera\u00e7\u00e3o em Desastres dos Pa\u00edses CMDA (MECODE), em coordena\u00e7\u00e3o com o Secretariado <em>Pro Tempore<\/em> da CMDA.\u201d<\/p>\n\n\n\n<p>\u201c19. Tomar nota das conclus\u00f5es e recomenda\u00e7\u00f5es dos tr\u00eas grupos de trabalho ad hoc, reunidos durante o ciclo 2021\/2022 da Confer\u00eancia, e:<\/p>\n\n\n\n<p>para. Apoiar a continua\u00e7\u00e3o do desenvolvimento do MECODE, sob a coordena\u00e7\u00e3o e execu\u00e7\u00e3o da JID, como forma de melhorar a coopera\u00e7\u00e3o em resposta aos pa\u00edses e sistemas existentes em caso de desastres naturais ou humanos no Hemisf\u00e9rio; (\u2026)\u201d<\/p>\n\n\n\n<p>&quot;vinte. Seu reconhecimento pela conclus\u00e3o do exerc\u00edcio de gabinete relativo ao MECODE, realizado pela JID, em fevereiro deste ano, que alcan\u00e7ou os objetivos propostos em termos de sua valida\u00e7\u00e3o inicial, documentando a necessidade de seu desenvolvimento cont\u00ednuo, com o apoio da OEA .\u201d<\/p>\n\n\n\n<p>&quot;vinte e um. Parab\u00e9ns \u00e0 JID pelo seu 80\u00ba anivers\u00e1rio e pelas suas importantes contribui\u00e7\u00f5es para o avan\u00e7o da paz, da defesa e da seguran\u00e7a mundiais em nosso Hemisf\u00e9rio.\u201d<\/p>\n\n\n\n<p>\u201c22. Concordam com as delibera\u00e7\u00f5es levadas a cabo pelo Grupo de Trabalho I sobre o Tema \u201cFortalecimento da dissuas\u00e3o integrada: ar, terra, mar, espa\u00e7o e ciberespa\u00e7o\u201d.<\/p>\n\n\n\n<p>para. Conclus\u00f5es:&nbsp;&nbsp;&nbsp;&nbsp;&nbsp;&nbsp;&nbsp;&nbsp;&nbsp;&nbsp;&nbsp;&nbsp;&nbsp;&nbsp;&nbsp;&nbsp;&nbsp;&nbsp;&nbsp;&nbsp;&nbsp;&nbsp;&nbsp;&nbsp;&nbsp;&nbsp;&nbsp;&nbsp;<\/p>\n\n\n\n<p>Ei. A import\u00e2ncia e relev\u00e2ncia do tema foram reconhecidas;<\/p>\n\n\n\n<p>ii. Devido \u00e0 sua import\u00e2ncia e complexidade, os delegados conclu\u00edram que a quest\u00e3o em quest\u00e3o deveria ser mais estudada; e<\/p>\n\n\n\n<p>iii. Os pa\u00edses participantes apreciam a disponibilidade do Presidente dos Estados Unidos em apresentar cuidadosamente o tema, e de todos aqueles que contribu\u00edram com sucesso para este Comit\u00e9 de Trabalho.<\/p>\n\n\n\n<p>b. Recomenda\u00e7\u00e3o: Por unanimidade, os membros presentes sugerem que o tema seja apresentado \u00e0 OEA para um estudo mais detalhado da proposta, por meio do JID, e que seja retomado na XVI CMDA.\u201d<\/p>\n\n\n\n<figure class=\"wp-block-image size-large\"><img fetchpriority=\"high\" decoding=\"async\" width=\"1024\" height=\"768\" src=\"jid.org\/wp-content\/uploads\/2022\/08\/1.jpg\" alt=\"\" class=\"wp-image-35013\" srcset=\"https:\/\/jid.org\/wp-content\/uploads\/2022\/08\/1.jpg 1024w, https:\/\/jid.org\/wp-content\/uploads\/2022\/08\/1-300x225.jpg 300w, https:\/\/jid.org\/wp-content\/uploads\/2022\/08\/1-768x576.jpg 768w\" sizes=\"(max-width: 1024px) 100vw, 1024px\" \/><\/figure>\n\n\n\n<figure class=\"wp-block-image size-large\"><img decoding=\"async\" width=\"1024\" height=\"768\" src=\"jid.org\/wp-content\/uploads\/2022\/08\/2-1024x768.jpg\" alt=\"\" class=\"wp-image-35014\" srcset=\"https:\/\/jid.org\/wp-content\/uploads\/2022\/08\/2-1024x768.jpg 1024w, https:\/\/jid.org\/wp-content\/uploads\/2022\/08\/2-300x225.jpg 300w, https:\/\/jid.org\/wp-content\/uploads\/2022\/08\/2-768x576.jpg 768w, https:\/\/jid.org\/wp-content\/uploads\/2022\/08\/2.jpg 1280w\" sizes=\"(max-width: 1024px) 100vw, 1024px\" \/><\/figure>\n\n\n\n<figure class=\"wp-block-image size-large\"><img decoding=\"async\" width=\"1024\" height=\"768\" src=\"jid.org\/wp-content\/uploads\/2022\/08\/3-1024x768.jpg\" alt=\"\" class=\"wp-image-35015\" srcset=\"https:\/\/jid.org\/wp-content\/uploads\/2022\/08\/3-1024x768.jpg 1024w, https:\/\/jid.org\/wp-content\/uploads\/2022\/08\/3-300x225.jpg 300w, https:\/\/jid.org\/wp-content\/uploads\/2022\/08\/3-768x576.jpg 768w, https:\/\/jid.org\/wp-content\/uploads\/2022\/08\/3.jpg 1280w\" sizes=\"(max-width: 1024px) 100vw, 1024px\" \/><\/figure>\n\n\n\n<figure class=\"wp-block-image size-large\"><img loading=\"lazy\" decoding=\"async\" width=\"1024\" height=\"768\" src=\"jid.org\/wp-content\/uploads\/2022\/08\/4-1024x768.jpg\" alt=\"\" class=\"wp-image-35016\" srcset=\"https:\/\/jid.org\/wp-content\/uploads\/2022\/08\/4-1024x768.jpg 1024w, https:\/\/jid.org\/wp-content\/uploads\/2022\/08\/4-300x225.jpg 300w, https:\/\/jid.org\/wp-content\/uploads\/2022\/08\/4-768x576.jpg 768w, https:\/\/jid.org\/wp-content\/uploads\/2022\/08\/4.jpg 1280w\" sizes=\"(max-width: 1024px) 100vw, 1024px\" \/><\/figure>\n\n\n\n<figure class=\"wp-block-image size-large\"><img loading=\"lazy\" decoding=\"async\" width=\"1024\" height=\"768\" src=\"jid.org\/wp-content\/uploads\/2022\/08\/5-1024x768.jpg\" alt=\"\" class=\"wp-image-35017\" srcset=\"https:\/\/jid.org\/wp-content\/uploads\/2022\/08\/5-1024x768.jpg 1024w, https:\/\/jid.org\/wp-content\/uploads\/2022\/08\/5-300x225.jpg 300w, https:\/\/jid.org\/wp-content\/uploads\/2022\/08\/5-768x576.jpg 768w, https:\/\/jid.org\/wp-content\/uploads\/2022\/08\/5.jpg 1280w\" sizes=\"(max-width: 1024px) 100vw, 1024px\" \/><\/figure>","protected":false},"excerpt":{"rendered":"<p>A Comiss\u00e3o de Seguran\u00e7a Hemisf\u00e9rica, representada por seu Presidente, Embaixador Anthony Phillips-Spencer; a Junta Interamericana de Defesa, representada por sua lideran\u00e7a; e a Funda\u00e7\u00e3o Interamericana de Defesa, representada pelo senhor \u00d3scar Gomez, participaram como Organiza\u00e7\u00f5es Observadoras na XV Confer\u00eancia de Ministros da Defesa das Am\u00e9ricas, realizada em Bras\u00edlia, de 25 a [\u2026]<\/p>","protected":false},"author":18,"featured_media":35012,"comment_status":"closed","ping_status":"closed","sticky":false,"template":"","format":"standard","meta":{"footnotes":""},"categories":[13],"tags":[],"destacado":[],"class_list":["post-35011","post","type-post","status-publish","format-standard","has-post-thumbnail","hentry","category-noticias"],"_links":{"self":[{"href":"https:\/\/jid.org\/pt\/wp-json\/wp\/v2\/posts\/35011","targetHints":{"allow":["GET"]}}],"collection":[{"href":"https:\/\/jid.org\/pt\/wp-json\/wp\/v2\/posts"}],"about":[{"href":"https:\/\/jid.org\/pt\/wp-json\/wp\/v2\/types\/post"}],"author":[{"embeddable":true,"href":"https:\/\/jid.org\/pt\/wp-json\/wp\/v2\/users\/18"}],"replies":[{"embeddable":true,"href":"https:\/\/jid.org\/pt\/wp-json\/wp\/v2\/comments?post=35011"}],"version-history":[{"count":0,"href":"https:\/\/jid.org\/pt\/wp-json\/wp\/v2\/posts\/35011\/revisions"}],"wp:featuredmedia":[{"embeddable":true,"href":"https:\/\/jid.org\/pt\/wp-json\/wp\/v2\/media\/35012"}],"wp:attachment":[{"href":"https:\/\/jid.org\/pt\/wp-json\/wp\/v2\/media?parent=35011"}],"wp:term":[{"taxonomy":"category","embeddable":true,"href":"https:\/\/jid.org\/pt\/wp-json\/wp\/v2\/categories?post=35011"},{"taxonomy":"post_tag","embeddable":true,"href":"https:\/\/jid.org\/pt\/wp-json\/wp\/v2\/tags?post=35011"},{"taxonomy":"destacado","embeddable":true,"href":"https:\/\/jid.org\/pt\/wp-json\/wp\/v2\/destacado?post=35011"}],"curies":[{"name":"wp","href":"https:\/\/api.w.org\/{rel}","templated":true}]}}