{"id":35216,"date":"2022-09-13T10:44:31","date_gmt":"2022-09-13T14:44:31","guid":{"rendered":"https:\/\/opanlcom-cp6.wordpresstemporal.com\/JID\/?p=35216"},"modified":"2022-09-13T10:48:35","modified_gmt":"2022-09-13T14:48:35","slug":"visita-a-la-jid-de-la-escuela-de-defensa-de-brasil","status":"publish","type":"post","link":"https:\/\/jid.org\/pt\/visita-a-la-jid-de-la-escuela-de-defensa-de-brasil\/","title":{"rendered":"Visita \u00e0 JID da Escola Brasileira de Defesa"},"content":{"rendered":"<p>O Tenente-Brigadeiro do Ar Luis Roberto do Carmo Louren\u00e7o, Chefe de Educa\u00e7\u00e3o e Cultura do Minist\u00e9rio da Defesa e o Vice-Almirante Paulo Renato Rohwer Santos, Comandante da Assist\u00eancia Militar da Marinha na Escola Superior de Defesa, com 108 integrantes do corpo de instrutores e alunos da Escola Superior de Defesa Brasileira visitaram a casa do Soldado no dia 12 de setembro, onde foram recebidos pelo Chefe do Escrit\u00f3rio de Projetos e Estudos da Secretaria da JID, General do Grupo de Pilotos Aviadores Jos\u00e9 Ruben Montesinos.<\/p>\n\n\n\n<p>Durante a visita, os alunos receberam a apresenta\u00e7\u00e3o \u201cO papel da JID na defesa do Hemisf\u00e9rio Ocidental\u201d, que lhes permitiu obter um panorama hemisf\u00e9rico atual da defesa e a import\u00e2ncia do trabalho realizado pela Junta Interamericana de Defesa e os desafios enfrentados para alcan\u00e7ar a vis\u00e3o desta organiza\u00e7\u00e3o. Ao final da apresenta\u00e7\u00e3o, o Vice-Almirante Paulo Renato Rohwer Santos agradeceu \u00e0 JID pela esclarecedora confer\u00eancia proferida.<\/p>\n\n\n\n<figure class=\"wp-block-image size-large\"><img fetchpriority=\"high\" decoding=\"async\" width=\"1024\" height=\"323\" src=\"jid.org\/wp-content\/uploads\/2022\/09\/IMAGE-1-1024x323.jpg\" alt=\"\" class=\"wp-image-35218\" srcset=\"https:\/\/jid.org\/wp-content\/uploads\/2022\/09\/IMAGE-1-1024x323.jpg 1024w, https:\/\/jid.org\/wp-content\/uploads\/2022\/09\/IMAGE-1-300x95.jpg 300w, https:\/\/jid.org\/wp-content\/uploads\/2022\/09\/IMAGE-1-768x242.jpg 768w, https:\/\/jid.org\/wp-content\/uploads\/2022\/09\/IMAGE-1.jpg 1300w\" sizes=\"(max-width: 1024px) 100vw, 1024px\" \/><\/figure>\n\n\n\n<figure class=\"wp-block-image size-large\"><img decoding=\"async\" width=\"1024\" height=\"682\" src=\"jid.org\/wp-content\/uploads\/2022\/09\/IMG_0468-1024x682.jpg\" alt=\"\" class=\"wp-image-35219\" srcset=\"https:\/\/jid.org\/wp-content\/uploads\/2022\/09\/IMG_0468-1024x682.jpg 1024w, https:\/\/jid.org\/wp-content\/uploads\/2022\/09\/IMG_0468-300x200.jpg 300w, https:\/\/jid.org\/wp-content\/uploads\/2022\/09\/IMG_0468-768x512.jpg 768w, https:\/\/jid.org\/wp-content\/uploads\/2022\/09\/IMG_0468.jpg 1300w\" sizes=\"(max-width: 1024px) 100vw, 1024px\" \/><\/figure>\n\n\n\n<figure class=\"wp-block-image size-large\"><img decoding=\"async\" width=\"1024\" height=\"556\" src=\"jid.org\/wp-content\/uploads\/2022\/09\/IMG_0444-1024x556.jpg\" alt=\"\" class=\"wp-image-35220\" srcset=\"https:\/\/jid.org\/wp-content\/uploads\/2022\/09\/IMG_0444-1024x556.jpg 1024w, https:\/\/jid.org\/wp-content\/uploads\/2022\/09\/IMG_0444-300x163.jpg 300w, https:\/\/jid.org\/wp-content\/uploads\/2022\/09\/IMG_0444-768x417.jpg 768w, https:\/\/jid.org\/wp-content\/uploads\/2022\/09\/IMG_0444.jpg 1300w\" sizes=\"(max-width: 1024px) 100vw, 1024px\" \/><\/figure>\n\n\n\n<figure class=\"wp-block-image size-large\"><img loading=\"lazy\" decoding=\"async\" width=\"1024\" height=\"748\" src=\"jid.org\/wp-content\/uploads\/2022\/09\/IMG_0551-1024x748.jpg\" alt=\"\" class=\"wp-image-35221\" srcset=\"https:\/\/jid.org\/wp-content\/uploads\/2022\/09\/IMG_0551-1024x748.jpg 1024w, https:\/\/jid.org\/wp-content\/uploads\/2022\/09\/IMG_0551-300x219.jpg 300w, https:\/\/jid.org\/wp-content\/uploads\/2022\/09\/IMG_0551-768x561.jpg 768w, https:\/\/jid.org\/wp-content\/uploads\/2022\/09\/IMG_0551.jpg 1300w\" sizes=\"(max-width: 1024px) 100vw, 1024px\" \/><\/figure>","protected":false},"excerpt":{"rendered":"<p>O Tenente-Brigadeiro do Ar Luis Roberto do Carmo Louren\u00e7o, Chefe de Educa\u00e7\u00e3o e Cultura do Minist\u00e9rio da Defesa e o Vice-Almirante Paulo Renato Rohwer Santos, Comandante da Assist\u00eancia Militar da Marinha na Escola Superior de Defesa, com 108 integrantes do corpo de instrutores e alunos da Escola Superior de Defesa de [\u2026]<\/p>","protected":false},"author":18,"featured_media":35217,"comment_status":"closed","ping_status":"closed","sticky":false,"template":"","format":"standard","meta":{"footnotes":""},"categories":[13],"tags":[],"destacado":[],"class_list":["post-35216","post","type-post","status-publish","format-standard","has-post-thumbnail","hentry","category-noticias"],"_links":{"self":[{"href":"https:\/\/jid.org\/pt\/wp-json\/wp\/v2\/posts\/35216","targetHints":{"allow":["GET"]}}],"collection":[{"href":"https:\/\/jid.org\/pt\/wp-json\/wp\/v2\/posts"}],"about":[{"href":"https:\/\/jid.org\/pt\/wp-json\/wp\/v2\/types\/post"}],"author":[{"embeddable":true,"href":"https:\/\/jid.org\/pt\/wp-json\/wp\/v2\/users\/18"}],"replies":[{"embeddable":true,"href":"https:\/\/jid.org\/pt\/wp-json\/wp\/v2\/comments?post=35216"}],"version-history":[{"count":1,"href":"https:\/\/jid.org\/pt\/wp-json\/wp\/v2\/posts\/35216\/revisions"}],"predecessor-version":[{"id":35222,"href":"https:\/\/jid.org\/pt\/wp-json\/wp\/v2\/posts\/35216\/revisions\/35222"}],"wp:featuredmedia":[{"embeddable":true,"href":"https:\/\/jid.org\/pt\/wp-json\/wp\/v2\/media\/35217"}],"wp:attachment":[{"href":"https:\/\/jid.org\/pt\/wp-json\/wp\/v2\/media?parent=35216"}],"wp:term":[{"taxonomy":"category","embeddable":true,"href":"https:\/\/jid.org\/pt\/wp-json\/wp\/v2\/categories?post=35216"},{"taxonomy":"post_tag","embeddable":true,"href":"https:\/\/jid.org\/pt\/wp-json\/wp\/v2\/tags?post=35216"},{"taxonomy":"destacado","embeddable":true,"href":"https:\/\/jid.org\/pt\/wp-json\/wp\/v2\/destacado?post=35216"}],"curies":[{"name":"wp","href":"https:\/\/api.w.org\/{rel}","templated":true}]}}