{"id":35296,"date":"2022-09-20T12:39:44","date_gmt":"2022-09-20T16:39:44","guid":{"rendered":"https:\/\/opanlcom-cp6.wordpresstemporal.com\/JID\/?p=35296"},"modified":"2022-09-20T12:48:20","modified_gmt":"2022-09-20T16:48:20","slug":"acontecimientos-de-la-reunion-ordinaria-no-1446","status":"publish","type":"post","link":"https:\/\/jid.org\/pt\/acontecimientos-de-la-reunion-ordinaria-no-1446\/","title":{"rendered":"Eventos da reuni\u00e3o ordin\u00e1ria n\u00ba 1.446."},"content":{"rendered":"<p>Durante a reuni\u00e3o ordin\u00e1ria realizada em 20 de setembro de 2022, ocorreram os seguintes eventos:<\/p>\n\n\n\n<p>A. O Minist\u00e9rio da Defesa do Brasil, que atuou como Secretaria Pro-tempore do XV Ciclo da Confer\u00eancia dos Ministros da Defesa da Am\u00e9rica (CMDA), entregou o Relat\u00f3rio Hist\u00f3rico da referida Confer\u00eancia.<\/p>\n\n\n\n<p>B. Como resultado da XV Confer\u00eancia de Ministros da Defesa das Am\u00e9ricas (CMDA) na cidade de Bras\u00edlia, Brasil, realizada de 25 a 29 de julho de 2022, o Subsecret\u00e1rio de Defesa dos EUA para Assuntos do Hemisf\u00e9rio Ocidental, Sr. Daniel P. Erikson, apresentou aos delegados do BID o tema \u201cFortalecimento da dissuas\u00e3o integrada: ar, mar, espa\u00e7o e ciberespa\u00e7o\u201d, que tamb\u00e9m ser\u00e1 apresentado \u00e0 OEA, tendo expressado a necessidade de parceria para reavaliar e refinar os objetivos de coopera\u00e7\u00e3o em seguran\u00e7a e fortalecer capacidade coletiva para enfrentar os desafios do hemisf\u00e9rio. <\/p>\n\n\n\n<p>C. Foi feita a apresenta\u00e7\u00e3o da Delega\u00e7\u00e3o Europeia como Delega\u00e7\u00e3o Observadora na JID, tendo na ocasi\u00e3o intervindo o Sr. Michael Curtis, Chefe da Miss\u00e3o Diplom\u00e1tica da Uni\u00e3o Europeia nos Estados Unidos da Am\u00e9rica.<\/p>\n\n\n\n<figure class=\"wp-block-image size-large\"><img fetchpriority=\"high\" decoding=\"async\" width=\"1024\" height=\"739\" src=\"jid.org\/wp-content\/uploads\/2022\/09\/1-3-1024x739.jpg\" alt=\"\" class=\"wp-image-35302\" srcset=\"https:\/\/jid.org\/wp-content\/uploads\/2022\/09\/1-3-1024x739.jpg 1024w, https:\/\/jid.org\/wp-content\/uploads\/2022\/09\/1-3-300x216.jpg 300w, https:\/\/jid.org\/wp-content\/uploads\/2022\/09\/1-3-768x554.jpg 768w, https:\/\/jid.org\/wp-content\/uploads\/2022\/09\/1-3-1536x1108.jpg 1536w, https:\/\/jid.org\/wp-content\/uploads\/2022\/09\/1-3-2048x1478.jpg 2048w\" sizes=\"(max-width: 1024px) 100vw, 1024px\" \/><\/figure>\n\n\n\n<figure class=\"wp-block-image size-large\"><img decoding=\"async\" width=\"1024\" height=\"726\" src=\"jid.org\/wp-content\/uploads\/2022\/09\/2-3-1024x726.jpg\" alt=\"\" class=\"wp-image-35303\" srcset=\"https:\/\/jid.org\/wp-content\/uploads\/2022\/09\/2-3-1024x726.jpg 1024w, https:\/\/jid.org\/wp-content\/uploads\/2022\/09\/2-3-300x213.jpg 300w, https:\/\/jid.org\/wp-content\/uploads\/2022\/09\/2-3-768x545.jpg 768w, https:\/\/jid.org\/wp-content\/uploads\/2022\/09\/2-3-1536x1089.jpg 1536w, https:\/\/jid.org\/wp-content\/uploads\/2022\/09\/2-3-2048x1453.jpg 2048w\" sizes=\"(max-width: 1024px) 100vw, 1024px\" \/><\/figure>\n\n\n\n<figure class=\"wp-block-image size-large\"><img decoding=\"async\" width=\"1024\" height=\"683\" src=\"jid.org\/wp-content\/uploads\/2022\/09\/3-3-1024x683.jpg\" alt=\"\" class=\"wp-image-35304\" srcset=\"https:\/\/jid.org\/wp-content\/uploads\/2022\/09\/3-3-1024x683.jpg 1024w, https:\/\/jid.org\/wp-content\/uploads\/2022\/09\/3-3-300x200.jpg 300w, https:\/\/jid.org\/wp-content\/uploads\/2022\/09\/3-3-768x512.jpg 768w, https:\/\/jid.org\/wp-content\/uploads\/2022\/09\/3-3-1536x1024.jpg 1536w, https:\/\/jid.org\/wp-content\/uploads\/2022\/09\/3-3-2048x1365.jpg 2048w\" sizes=\"(max-width: 1024px) 100vw, 1024px\" \/><\/figure>\n\n\n\n<figure class=\"wp-block-image size-large\"><img loading=\"lazy\" decoding=\"async\" width=\"1024\" height=\"638\" src=\"jid.org\/wp-content\/uploads\/2022\/09\/4-1024x638.jpg\" alt=\"\" class=\"wp-image-35305\" srcset=\"https:\/\/jid.org\/wp-content\/uploads\/2022\/09\/4-1024x638.jpg 1024w, https:\/\/jid.org\/wp-content\/uploads\/2022\/09\/4-300x187.jpg 300w, https:\/\/jid.org\/wp-content\/uploads\/2022\/09\/4-768x479.jpg 768w, https:\/\/jid.org\/wp-content\/uploads\/2022\/09\/4-1536x958.jpg 1536w, https:\/\/jid.org\/wp-content\/uploads\/2022\/09\/4-2048x1277.jpg 2048w\" sizes=\"(max-width: 1024px) 100vw, 1024px\" \/><\/figure>\n\n\n\n<figure class=\"wp-block-image size-large\"><img loading=\"lazy\" decoding=\"async\" width=\"1024\" height=\"683\" src=\"jid.org\/wp-content\/uploads\/2022\/09\/5-1024x683.jpg\" alt=\"\" class=\"wp-image-35306\" srcset=\"https:\/\/jid.org\/wp-content\/uploads\/2022\/09\/5-1024x683.jpg 1024w, https:\/\/jid.org\/wp-content\/uploads\/2022\/09\/5-300x200.jpg 300w, https:\/\/jid.org\/wp-content\/uploads\/2022\/09\/5-768x512.jpg 768w, https:\/\/jid.org\/wp-content\/uploads\/2022\/09\/5-1536x1024.jpg 1536w, https:\/\/jid.org\/wp-content\/uploads\/2022\/09\/5-2048x1365.jpg 2048w\" sizes=\"(max-width: 1024px) 100vw, 1024px\" \/><\/figure>","protected":false},"excerpt":{"rendered":"<p>Durante a reuni\u00e3o ordin\u00e1ria realizada em 20 de setembro de 2022, concretizaram-se os seguintes acontecimentos: A. O Minist\u00e9rio da Defesa do Brasil, que atuou como Secretaria Pro-tempore do XV Ciclo da Confer\u00eancia dos Ministros da Defesa da Am\u00e9rica (CMDA), proferiu o Relat\u00f3rio Hist\u00f3rico da referida Confer\u00eancia. B. [\u2026]<\/p>","protected":false},"author":18,"featured_media":35299,"comment_status":"closed","ping_status":"closed","sticky":false,"template":"","format":"standard","meta":{"footnotes":""},"categories":[13],"tags":[],"destacado":[],"class_list":["post-35296","post","type-post","status-publish","format-standard","has-post-thumbnail","hentry","category-noticias"],"_links":{"self":[{"href":"https:\/\/jid.org\/pt\/wp-json\/wp\/v2\/posts\/35296","targetHints":{"allow":["GET"]}}],"collection":[{"href":"https:\/\/jid.org\/pt\/wp-json\/wp\/v2\/posts"}],"about":[{"href":"https:\/\/jid.org\/pt\/wp-json\/wp\/v2\/types\/post"}],"author":[{"embeddable":true,"href":"https:\/\/jid.org\/pt\/wp-json\/wp\/v2\/users\/18"}],"replies":[{"embeddable":true,"href":"https:\/\/jid.org\/pt\/wp-json\/wp\/v2\/comments?post=35296"}],"version-history":[{"count":3,"href":"https:\/\/jid.org\/pt\/wp-json\/wp\/v2\/posts\/35296\/revisions"}],"predecessor-version":[{"id":35307,"href":"https:\/\/jid.org\/pt\/wp-json\/wp\/v2\/posts\/35296\/revisions\/35307"}],"wp:featuredmedia":[{"embeddable":true,"href":"https:\/\/jid.org\/pt\/wp-json\/wp\/v2\/media\/35299"}],"wp:attachment":[{"href":"https:\/\/jid.org\/pt\/wp-json\/wp\/v2\/media?parent=35296"}],"wp:term":[{"taxonomy":"category","embeddable":true,"href":"https:\/\/jid.org\/pt\/wp-json\/wp\/v2\/categories?post=35296"},{"taxonomy":"post_tag","embeddable":true,"href":"https:\/\/jid.org\/pt\/wp-json\/wp\/v2\/tags?post=35296"},{"taxonomy":"destacado","embeddable":true,"href":"https:\/\/jid.org\/pt\/wp-json\/wp\/v2\/destacado?post=35296"}],"curies":[{"name":"wp","href":"https:\/\/api.w.org\/{rel}","templated":true}]}}