{"id":35330,"date":"2022-09-21T08:39:59","date_gmt":"2022-09-21T12:39:59","guid":{"rendered":"https:\/\/opanlcom-cp6.wordpresstemporal.com\/JID\/?p=35330"},"modified":"2022-09-21T08:40:01","modified_gmt":"2022-09-21T12:40:01","slug":"la-jid-participa-en-la-conferencia-sudamericana-de-defensa-southdec","status":"publish","type":"post","link":"https:\/\/jid.org\/pt\/la-jid-participa-en-la-conferencia-sudamericana-de-defensa-southdec\/","title":{"rendered":"*A JID participa da Confer\u00eancia Sul-Americana de Defesa (SOUTHDEC)*"},"content":{"rendered":"<p>A Junta Interamericana de Defesa, representada pelo Presidente do Conselho de Delegados, Vice-Almirante Alexandre Rabello de Faria e pelo Diretor do Col\u00e9gio Interamericano de Defesa, General de Brigada James E. Taylor, participou como observador na Confer\u00eancia Sul-Americana Confer\u00eancia de Defesa (SOUTHDEC) realizada em Quito, Equador, de 14 a 15 de setembro de 2022.<\/p>\n\n\n\n<p>O SOUTHDEC \u00e9 um f\u00f3rum de n\u00edvel executivo entre os Chefes do Estado-Maior da Defesa (Chefes de Defesa) da Am\u00e9rica do Sul, co-patrocinado pelo Comando Sul dos Estados Unidos (SOUTHCOM) e o pa\u00eds co-anfitri\u00e3o, com o objetivo de discutir quest\u00f5es de seguran\u00e7a e defesa. da regi\u00e3o.<\/p>\n\n\n\n<p>Na edi\u00e7\u00e3o deste ano, sediada no Equador, o tema discutido foi \u201cDerrotar amea\u00e7as globais e transfronteiri\u00e7as por meio da colabora\u00e7\u00e3o regional\u201d. A confer\u00eancia proporcionou um f\u00f3rum para discuss\u00f5es em n\u00edvel executivo sobre \u201cGuerra na Zona Cinzenta: Combate no Ciberespa\u00e7o, no Espa\u00e7o e na Informa\u00e7\u00e3o\u201d; e \u201cSeguran\u00e7a Ambiental e o Papel das For\u00e7as de Defesa\u201d.<\/p>\n\n\n\n<p>Esta confer\u00eancia contou com a presen\u00e7a dos chefes de defesa ou representantes dos seguintes pa\u00edses: Argentina, Brasil, Chile, Col\u00f4mbia, Equador, Guiana, Paraguai, Peru, Suriname e Uruguai. Tamb\u00e9m estiveram presentes o Comando Sul e o Gabinete da Guarda Nacional (NGB), representantes dos Estados Unidos da Am\u00e9rica e observadores.<\/p>\n\n\n\n<p>Para mais informa\u00e7\u00f5es, visite o site oficial do SOUTHCOM: https:\/\/www.southcom.mil\/<\/p>\n\n\n\n<p><\/p>","protected":false},"excerpt":{"rendered":"<p>A Junta Interamericana de Defesa, representada pelo Presidente do Conselho de Delegados, Vice-Almirante Alexandre Rabello de Faria e pelo Diretor do Col\u00e9gio Interamericano de Defesa, General de Brigada James E. Taylor, participou como observador na Confer\u00eancia Sul-Americana Confer\u00eancia de Defesa (SOUTHDEC) realizada em Quito, Equador, de 14 a 15 de setembro de 2022. [\u2026]<\/p>","protected":false},"author":18,"featured_media":35331,"comment_status":"closed","ping_status":"closed","sticky":false,"template":"","format":"standard","meta":{"footnotes":""},"categories":[13],"tags":[],"destacado":[],"class_list":["post-35330","post","type-post","status-publish","format-standard","has-post-thumbnail","hentry","category-noticias"],"_links":{"self":[{"href":"https:\/\/jid.org\/pt\/wp-json\/wp\/v2\/posts\/35330","targetHints":{"allow":["GET"]}}],"collection":[{"href":"https:\/\/jid.org\/pt\/wp-json\/wp\/v2\/posts"}],"about":[{"href":"https:\/\/jid.org\/pt\/wp-json\/wp\/v2\/types\/post"}],"author":[{"embeddable":true,"href":"https:\/\/jid.org\/pt\/wp-json\/wp\/v2\/users\/18"}],"replies":[{"embeddable":true,"href":"https:\/\/jid.org\/pt\/wp-json\/wp\/v2\/comments?post=35330"}],"version-history":[{"count":1,"href":"https:\/\/jid.org\/pt\/wp-json\/wp\/v2\/posts\/35330\/revisions"}],"predecessor-version":[{"id":35332,"href":"https:\/\/jid.org\/pt\/wp-json\/wp\/v2\/posts\/35330\/revisions\/35332"}],"wp:featuredmedia":[{"embeddable":true,"href":"https:\/\/jid.org\/pt\/wp-json\/wp\/v2\/media\/35331"}],"wp:attachment":[{"href":"https:\/\/jid.org\/pt\/wp-json\/wp\/v2\/media?parent=35330"}],"wp:term":[{"taxonomy":"category","embeddable":true,"href":"https:\/\/jid.org\/pt\/wp-json\/wp\/v2\/categories?post=35330"},{"taxonomy":"post_tag","embeddable":true,"href":"https:\/\/jid.org\/pt\/wp-json\/wp\/v2\/tags?post=35330"},{"taxonomy":"destacado","embeddable":true,"href":"https:\/\/jid.org\/pt\/wp-json\/wp\/v2\/destacado?post=35330"}],"curies":[{"name":"wp","href":"https:\/\/api.w.org\/{rel}","templated":true}]}}