{"id":35472,"date":"2022-10-07T09:33:00","date_gmt":"2022-10-07T13:33:00","guid":{"rendered":"https:\/\/opanlcom-cp6.wordpresstemporal.com\/JID\/?p=35472"},"modified":"2022-10-07T09:33:02","modified_gmt":"2022-10-07T13:33:02","slug":"visita-de-la-delegacion-de-brasil","status":"publish","type":"post","link":"https:\/\/jid.org\/pt\/visita-de-la-delegacion-de-brasil\/","title":{"rendered":"Visita da delega\u00e7\u00e3o brasileira"},"content":{"rendered":"<p>No dia 6 de outubro, a Casa do Soldado recebeu a visita da delega\u00e7\u00e3o brasileira, formada por 49 integrantes do Curso de Pol\u00edtica e Alta Administra\u00e7\u00e3o do Ex\u00e9rcito da Escola de Comando e Estado-Maior do Ex\u00e9rcito Brasileiro (ECEME), que realiza Estudos Estrat\u00e9gicos relacionados \u00e0 JID e recebeu uma apresenta\u00e7\u00e3o informativa sobre as atividades e proje\u00e7\u00e3o da Diretoria.<\/p>\n\n\n\n<p>Na ocasi\u00e3o, o Brigadeiro-General Giovani Moretto, Chefe da Delega\u00e7\u00e3o Brasileira, e o Coronel Emerson Golpo Gaier da Rosa, Subcomandante da Escola de Comando e Estado-Maior do Ex\u00e9rcito Brasileiro, foram recebidos pelo Diretor da Subsecretaria de Assessoria da JID, Coronel Matthew William Heim.<\/p>\n\n\n\n<p>Para encerrar a visita, um representante dos alunos da ECEME entregou um presente ao Capit\u00e3o Marcus Vinicius Barros de Andrade Monteiro.<\/p>\n\n\n\n<figure class=\"wp-block-image size-large\"><img fetchpriority=\"high\" decoding=\"async\" width=\"1024\" height=\"683\" src=\"jid.org\/wp-content\/uploads\/2022\/10\/IMAGE1-6-1024x683.jpg\" alt=\"\" class=\"wp-image-35474\" srcset=\"https:\/\/jid.org\/wp-content\/uploads\/2022\/10\/IMAGE1-6-1024x683.jpg 1024w, https:\/\/jid.org\/wp-content\/uploads\/2022\/10\/IMAGE1-6-300x200.jpg 300w, https:\/\/jid.org\/wp-content\/uploads\/2022\/10\/IMAGE1-6-768x512.jpg 768w, https:\/\/jid.org\/wp-content\/uploads\/2022\/10\/IMAGE1-6-1536x1024.jpg 1536w, https:\/\/jid.org\/wp-content\/uploads\/2022\/10\/IMAGE1-6-2048x1365.jpg 2048w\" sizes=\"(max-width: 1024px) 100vw, 1024px\" \/><\/figure>\n\n\n\n<figure class=\"wp-block-image size-large\"><img decoding=\"async\" width=\"1024\" height=\"489\" src=\"jid.org\/wp-content\/uploads\/2022\/10\/IMAGE2-6-1024x489.jpg\" alt=\"\" class=\"wp-image-35475\" srcset=\"https:\/\/jid.org\/wp-content\/uploads\/2022\/10\/IMAGE2-6-1024x489.jpg 1024w, https:\/\/jid.org\/wp-content\/uploads\/2022\/10\/IMAGE2-6-300x143.jpg 300w, https:\/\/jid.org\/wp-content\/uploads\/2022\/10\/IMAGE2-6-768x367.jpg 768w, https:\/\/jid.org\/wp-content\/uploads\/2022\/10\/IMAGE2-6-1536x734.jpg 1536w, https:\/\/jid.org\/wp-content\/uploads\/2022\/10\/IMAGE2-6-2048x979.jpg 2048w\" sizes=\"(max-width: 1024px) 100vw, 1024px\" \/><\/figure>\n\n\n\n<figure class=\"wp-block-image size-large\"><img decoding=\"async\" width=\"1024\" height=\"683\" src=\"jid.org\/wp-content\/uploads\/2022\/10\/IMAGE3-3-1024x683.jpg\" alt=\"\" class=\"wp-image-35476\" srcset=\"https:\/\/jid.org\/wp-content\/uploads\/2022\/10\/IMAGE3-3-1024x683.jpg 1024w, https:\/\/jid.org\/wp-content\/uploads\/2022\/10\/IMAGE3-3-300x200.jpg 300w, https:\/\/jid.org\/wp-content\/uploads\/2022\/10\/IMAGE3-3-768x512.jpg 768w, https:\/\/jid.org\/wp-content\/uploads\/2022\/10\/IMAGE3-3-1536x1024.jpg 1536w, https:\/\/jid.org\/wp-content\/uploads\/2022\/10\/IMAGE3-3-2048x1365.jpg 2048w\" sizes=\"(max-width: 1024px) 100vw, 1024px\" \/><\/figure>","protected":false},"excerpt":{"rendered":"<p>No dia 6 de outubro, a Casa do Soldado recebeu a visita da delega\u00e7\u00e3o brasileira, formada por 49 integrantes do Curso de Pol\u00edtica e Alta Administra\u00e7\u00e3o do Ex\u00e9rcito da Escola de Comando e Estado-Maior do Ex\u00e9rcito Brasileiro (ECEME), que realiza Estudos Estrat\u00e9gicos relacionados \u00e0 JID e recebeu uma apresenta\u00e7\u00e3o informativa sobre [\u2026]<\/p>","protected":false},"author":18,"featured_media":35473,"comment_status":"closed","ping_status":"closed","sticky":false,"template":"","format":"standard","meta":{"footnotes":""},"categories":[13],"tags":[],"destacado":[],"class_list":["post-35472","post","type-post","status-publish","format-standard","has-post-thumbnail","hentry","category-noticias"],"_links":{"self":[{"href":"https:\/\/jid.org\/pt\/wp-json\/wp\/v2\/posts\/35472","targetHints":{"allow":["GET"]}}],"collection":[{"href":"https:\/\/jid.org\/pt\/wp-json\/wp\/v2\/posts"}],"about":[{"href":"https:\/\/jid.org\/pt\/wp-json\/wp\/v2\/types\/post"}],"author":[{"embeddable":true,"href":"https:\/\/jid.org\/pt\/wp-json\/wp\/v2\/users\/18"}],"replies":[{"embeddable":true,"href":"https:\/\/jid.org\/pt\/wp-json\/wp\/v2\/comments?post=35472"}],"version-history":[{"count":1,"href":"https:\/\/jid.org\/pt\/wp-json\/wp\/v2\/posts\/35472\/revisions"}],"predecessor-version":[{"id":35477,"href":"https:\/\/jid.org\/pt\/wp-json\/wp\/v2\/posts\/35472\/revisions\/35477"}],"wp:featuredmedia":[{"embeddable":true,"href":"https:\/\/jid.org\/pt\/wp-json\/wp\/v2\/media\/35473"}],"wp:attachment":[{"href":"https:\/\/jid.org\/pt\/wp-json\/wp\/v2\/media?parent=35472"}],"wp:term":[{"taxonomy":"category","embeddable":true,"href":"https:\/\/jid.org\/pt\/wp-json\/wp\/v2\/categories?post=35472"},{"taxonomy":"post_tag","embeddable":true,"href":"https:\/\/jid.org\/pt\/wp-json\/wp\/v2\/tags?post=35472"},{"taxonomy":"destacado","embeddable":true,"href":"https:\/\/jid.org\/pt\/wp-json\/wp\/v2\/destacado?post=35472"}],"curies":[{"name":"wp","href":"https:\/\/api.w.org\/{rel}","templated":true}]}}