{"id":36489,"date":"2022-12-14T12:48:20","date_gmt":"2022-12-14T17:48:20","guid":{"rendered":"https:\/\/opanlcom-cp6.wordpresstemporal.com\/JID\/?p=36489"},"modified":"2022-12-14T13:12:38","modified_gmt":"2022-12-14T18:12:38","slug":"main-planning-conference-mpc-mecodex-2023","status":"publish","type":"post","link":"https:\/\/jid.org\/pt\/main-planning-conference-mpc-mecodex-2023\/","title":{"rendered":"Confer\u00eancia Principal de Planejamento (MPC) \u2013 MECODEX 2023."},"content":{"rendered":"<p>No dia 7 de dezembro, a Junta Interamericana de Defesa (JID) realizou a <em>Confer\u00eancia Principal de Planejamento<\/em> (MPC) do exerc\u00edcio de coopera\u00e7\u00e3o internacional em desastres e assist\u00eancia humanit\u00e1ria MECODEX 2023, atrav\u00e9s de videoconfer\u00eancia com a exposi\u00e7\u00e3o da Academia Conjunta de Defesa Militar do Equador (ADEMIC).<\/p>\n\n\n\n<p>O exerc\u00edcio MECODEX 2023, que ser\u00e1 realizado em maio de 2023 no campus Sangolqu\u00ed da Universidade das For\u00e7as Armadas-ESPE do Equador, o desenvolvimento e o planejamento est\u00e3o sendo realizados em conjunto e coordenados entre os membros da JID e o Equador.<\/p>\n\n\n\n<p>A confer\u00eancia come\u00e7ou com uma explica\u00e7\u00e3o do mecanismo MECODE e uma introdu\u00e7\u00e3o ao MECODEX 2023 pelo Chefe da Divis\u00e3o de Gest\u00e3o de Risco de Desastres da JID, Coronel da For\u00e7a A\u00e9rea Brasileira Leonardo Venancio Mangrich. Posteriormente, o Diretor da ADEMIC-Equador, Coronel do Ex\u00e9rcito Equatoriano, Luis Lara Tapia, continuou apresentando o processo de desenvolvimento do exerc\u00edcio, os esfor\u00e7os realizados, as instala\u00e7\u00f5es e estruturas que o Equador est\u00e1 disponibilizando.<\/p>\n\n\n\n<p>A reuni\u00e3o contou com a presen\u00e7a de representantes da Subsecretaria de Assessoria da JID, do Comando Conjunto das For\u00e7as Armadas do Equador, da Organiza\u00e7\u00e3o dos Estados Americanos (OEA), do <em>Ag\u00eancia dos Estados Unidos para o Desenvolvimento Internacional<\/em> (USAID), o Grupo Ad-Hoc \u201cCoopera\u00e7\u00e3o em Assist\u00eancia Humanit\u00e1ria e Resposta a Desastres (HA\/DR)\u201d da Confer\u00eancia de Ministros da Defesa das Am\u00e9ricas (CMDA), o Centro Coordenador para Preven\u00e7\u00e3o de Desastres na Am\u00e9rica Central e na Rep\u00fablica Dominicana Rep\u00fablica (CEPREDENAC), a Confer\u00eancia das For\u00e7as Armadas Centro-Americanas (CFAC), a Confer\u00eancia dos Ex\u00e9rcitos Americanos (CEA), a Academia Brasileira de Defesa (ESD) e o Programa Mundial de Alimentos (PMA).<\/p>\n\n\n\n<figure class=\"wp-block-image size-large\"><img fetchpriority=\"high\" decoding=\"async\" width=\"1024\" height=\"924\" src=\"jid.org\/wp-content\/uploads\/2022\/12\/IMAGE-1-5-1024x924.jpg\" alt=\"\" class=\"wp-image-36501\" srcset=\"https:\/\/jid.org\/wp-content\/uploads\/2022\/12\/IMAGE-1-5-1024x924.jpg 1024w, https:\/\/jid.org\/wp-content\/uploads\/2022\/12\/IMAGE-1-5-300x271.jpg 300w, https:\/\/jid.org\/wp-content\/uploads\/2022\/12\/IMAGE-1-5-768x693.jpg 768w, https:\/\/jid.org\/wp-content\/uploads\/2022\/12\/IMAGE-1-5-1536x1386.jpg 1536w, https:\/\/jid.org\/wp-content\/uploads\/2022\/12\/IMAGE-1-5-2048x1848.jpg 2048w\" sizes=\"(max-width: 1024px) 100vw, 1024px\" \/><\/figure>","protected":false},"excerpt":{"rendered":"<p>No dia 7 de dezembro, a Junta Interamericana de Defesa (JID) realizou a Confer\u00eancia Principal de Planejamento (MPC) do exerc\u00edcio de coopera\u00e7\u00e3o internacional em desastres e assist\u00eancia humanit\u00e1ria MECODEX 2023, por meio de videoconfer\u00eancia com apresenta\u00e7\u00e3o da Academia Conjunta de Defesa Militar do Equador (ADEMIC ). O exerc\u00edcio MECODEX 2023, que ter\u00e1 lugar em [\u2026]<\/p>","protected":false},"author":18,"featured_media":36498,"comment_status":"closed","ping_status":"closed","sticky":false,"template":"","format":"standard","meta":{"footnotes":""},"categories":[13],"tags":[],"destacado":[],"class_list":["post-36489","post","type-post","status-publish","format-standard","has-post-thumbnail","hentry","category-noticias"],"_links":{"self":[{"href":"https:\/\/jid.org\/pt\/wp-json\/wp\/v2\/posts\/36489","targetHints":{"allow":["GET"]}}],"collection":[{"href":"https:\/\/jid.org\/pt\/wp-json\/wp\/v2\/posts"}],"about":[{"href":"https:\/\/jid.org\/pt\/wp-json\/wp\/v2\/types\/post"}],"author":[{"embeddable":true,"href":"https:\/\/jid.org\/pt\/wp-json\/wp\/v2\/users\/18"}],"replies":[{"embeddable":true,"href":"https:\/\/jid.org\/pt\/wp-json\/wp\/v2\/comments?post=36489"}],"version-history":[{"count":2,"href":"https:\/\/jid.org\/pt\/wp-json\/wp\/v2\/posts\/36489\/revisions"}],"predecessor-version":[{"id":36502,"href":"https:\/\/jid.org\/pt\/wp-json\/wp\/v2\/posts\/36489\/revisions\/36502"}],"wp:featuredmedia":[{"embeddable":true,"href":"https:\/\/jid.org\/pt\/wp-json\/wp\/v2\/media\/36498"}],"wp:attachment":[{"href":"https:\/\/jid.org\/pt\/wp-json\/wp\/v2\/media?parent=36489"}],"wp:term":[{"taxonomy":"category","embeddable":true,"href":"https:\/\/jid.org\/pt\/wp-json\/wp\/v2\/categories?post=36489"},{"taxonomy":"post_tag","embeddable":true,"href":"https:\/\/jid.org\/pt\/wp-json\/wp\/v2\/tags?post=36489"},{"taxonomy":"destacado","embeddable":true,"href":"https:\/\/jid.org\/pt\/wp-json\/wp\/v2\/destacado?post=36489"}],"curies":[{"name":"wp","href":"https:\/\/api.w.org\/{rel}","templated":true}]}}