{"id":36726,"date":"2023-01-27T09:51:29","date_gmt":"2023-01-27T14:51:29","guid":{"rendered":"https:\/\/opanlcom-cp6.wordpresstemporal.com\/JID\/?p=36726"},"modified":"2023-01-27T09:51:30","modified_gmt":"2023-01-27T14:51:30","slug":"participacion-en-el-evento-protegiendo-ucrania-defensa-publico-privada-de-los-aliados-en-el-extranjero","status":"publish","type":"post","link":"https:\/\/jid.org\/pt\/participacion-en-el-evento-protegiendo-ucrania-defensa-publico-privada-de-los-aliados-en-el-extranjero\/","title":{"rendered":"Participa\u00e7\u00e3o no evento \u201cProteger a Ucr\u00e2nia: Defesa P\u00fablico-Privada dos Aliados no Estrangeiro\u201d"},"content":{"rendered":"<p>No dia 19 de janeiro de 2023, a JID, representada pela Assessora de G\u00eanero Tenente Comandante Taryn Senez (Marinha do Brasil), participou do evento \u201cProtegendo a Ucr\u00e2nia: Defesa P\u00fablico-Privada de Aliados no Exterior\u201d, a convite do Grupo de Pol\u00edtica Externa Feminina e Beacon Estrat\u00e9gias Globais. O evento foi organizado pelo Instituto de Seguran\u00e7a Nacional (NSI) da Universidade George Mason. Os temas discutidos abordaram os \u00faltimos desenvolvimentos em mat\u00e9ria de ciberseguran\u00e7a relacionados com o conflito entre a R\u00fassia e a Ucr\u00e2nia e destacaram a crescente participa\u00e7\u00e3o das mulheres nesta \u00e1rea.<\/p>\n\n\n\n<p>Embora o n\u00famero de mulheres que trabalham na seguran\u00e7a cibern\u00e9tica em todo o mundo tenha aumentado nos \u00faltimos anos, continua a haver falta de participa\u00e7\u00e3o.<\/p>\n\n\n\n<p>De acordo com um estudo realizado pelo Cons\u00f3rcio Internacional de Certifica\u00e7\u00e3o de Seguran\u00e7a de Sistemas de Informa\u00e7\u00e3o, a participa\u00e7\u00e3o feminina em atividades de ciberseguran\u00e7a passou de 11% em 2013 para 24% atualmente. Apesar dos progressos not\u00e1veis, ainda h\u00e1 um longo caminho a percorrer para alcan\u00e7ar um ambiente mais inclusivo e representativo que inspire as futuras gera\u00e7\u00f5es de mulheres a entrar neste campo.<\/p>\n\n\n\n<p><\/p>","protected":false},"excerpt":{"rendered":"<p>No dia 19 de janeiro de 2023, a JID, representada pela Assessora de G\u00eanero Tenente Comandante Taryn Senez (Marinha do Brasil), participou do evento \u201cProtegendo a Ucr\u00e2nia: Defesa P\u00fablico-Privada de Aliados no Exterior\u201d, a convite do Grupo de Pol\u00edtica Externa Feminina e Beacon Estrat\u00e9gias Globais. O evento foi organizado pelo Instituto de Seguran\u00e7a Nacional (NSI) de [\u2026]<\/p>","protected":false},"author":18,"featured_media":36728,"comment_status":"closed","ping_status":"closed","sticky":false,"template":"","format":"standard","meta":{"footnotes":""},"categories":[13],"tags":[],"destacado":[],"class_list":["post-36726","post","type-post","status-publish","format-standard","has-post-thumbnail","hentry","category-noticias"],"_links":{"self":[{"href":"https:\/\/jid.org\/pt\/wp-json\/wp\/v2\/posts\/36726","targetHints":{"allow":["GET"]}}],"collection":[{"href":"https:\/\/jid.org\/pt\/wp-json\/wp\/v2\/posts"}],"about":[{"href":"https:\/\/jid.org\/pt\/wp-json\/wp\/v2\/types\/post"}],"author":[{"embeddable":true,"href":"https:\/\/jid.org\/pt\/wp-json\/wp\/v2\/users\/18"}],"replies":[{"embeddable":true,"href":"https:\/\/jid.org\/pt\/wp-json\/wp\/v2\/comments?post=36726"}],"version-history":[{"count":1,"href":"https:\/\/jid.org\/pt\/wp-json\/wp\/v2\/posts\/36726\/revisions"}],"predecessor-version":[{"id":36729,"href":"https:\/\/jid.org\/pt\/wp-json\/wp\/v2\/posts\/36726\/revisions\/36729"}],"wp:featuredmedia":[{"embeddable":true,"href":"https:\/\/jid.org\/pt\/wp-json\/wp\/v2\/media\/36728"}],"wp:attachment":[{"href":"https:\/\/jid.org\/pt\/wp-json\/wp\/v2\/media?parent=36726"}],"wp:term":[{"taxonomy":"category","embeddable":true,"href":"https:\/\/jid.org\/pt\/wp-json\/wp\/v2\/categories?post=36726"},{"taxonomy":"post_tag","embeddable":true,"href":"https:\/\/jid.org\/pt\/wp-json\/wp\/v2\/tags?post=36726"},{"taxonomy":"destacado","embeddable":true,"href":"https:\/\/jid.org\/pt\/wp-json\/wp\/v2\/destacado?post=36726"}],"curies":[{"name":"wp","href":"https:\/\/api.w.org\/{rel}","templated":true}]}}