{"id":36827,"date":"2023-02-16T14:20:36","date_gmt":"2023-02-16T19:20:36","guid":{"rendered":"https:\/\/opanlcom-cp6.wordpresstemporal.com\/JID\/?p=36827"},"modified":"2023-02-16T14:20:39","modified_gmt":"2023-02-16T19:20:39","slug":"reunion-del-jefe-del-indeci-con-el-director-general-de-la-secretaria-de-la-jid","status":"publish","type":"post","link":"https:\/\/jid.org\/pt\/reunion-del-jefe-del-indeci-con-el-director-general-de-la-secretaria-de-la-jid\/","title":{"rendered":"Reuni\u00e3o do Chefe do INDECI com o Diretor Geral da Secretaria da JID"},"content":{"rendered":"<p>No dia 16 de fevereiro foi realizada uma reuni\u00e3o h\u00edbrida na qual participaram o Brigadeiro General do Ex\u00e9rcito Peruano, Carlos Manuel Y\u00e1\u00f1ez Lazo, Chefe; Senhor C\u00e9sar Negrete Venegas, Secret\u00e1rio Geral e (pessoalmente) Sra. Melissa Navarro \u00c1ngeles, Assessora S\u00eanior de Gest\u00e3o, do Instituto Nacional de Defesa Civil (INDECI-PER\u00da), com o Diretor Geral da Secretaria da JID, General Porfirio Fuentes V\u00e9lez Brigada.<\/p>\n\n\n\n<p>O INDECI \u00e9 tecnicamente respons\u00e1vel por coordenar, facilitar e supervisionar a formula\u00e7\u00e3o e implementa\u00e7\u00e3o da Pol\u00edtica Nacional e do Plano Nacional de Gest\u00e3o do Risco de Calamidades nos processos de prepara\u00e7\u00e3o, resposta e reabilita\u00e7\u00e3o. O objetivo da reuni\u00e3o foi compartilhar informa\u00e7\u00f5es relevantes sobre as fun\u00e7\u00f5es das institui\u00e7\u00f5es, bem como fortalecer os mecanismos de coopera\u00e7\u00e3o entre ambas as organiza\u00e7\u00f5es em benef\u00edcio do Sistema Interamericano em termos de resposta a desastres.\u00a0<\/p>\n\n\n\n<figure class=\"wp-block-image size-large\"><img fetchpriority=\"high\" decoding=\"async\" width=\"1000\" height=\"667\" src=\"jid.org\/wp-content\/uploads\/2023\/02\/IMG_7400-1.jpg\" alt=\"\" class=\"wp-image-36831\" srcset=\"https:\/\/jid.org\/wp-content\/uploads\/2023\/02\/IMG_7400-1.jpg 1000w, https:\/\/jid.org\/wp-content\/uploads\/2023\/02\/IMG_7400-1-300x200.jpg 300w, https:\/\/jid.org\/wp-content\/uploads\/2023\/02\/IMG_7400-1-768x512.jpg 768w\" sizes=\"(max-width: 1000px) 100vw, 1000px\" \/><\/figure>\n\n\n\n<figure class=\"wp-block-image size-large\"><img decoding=\"async\" width=\"653\" height=\"1024\" src=\"jid.org\/wp-content\/uploads\/2023\/02\/IMG_7449-1-653x1024.jpg\" alt=\"\" class=\"wp-image-36832\" srcset=\"https:\/\/jid.org\/wp-content\/uploads\/2023\/02\/IMG_7449-1-653x1024.jpg 653w, https:\/\/jid.org\/wp-content\/uploads\/2023\/02\/IMG_7449-1-191x300.jpg 191w, https:\/\/jid.org\/wp-content\/uploads\/2023\/02\/IMG_7449-1-768x1203.jpg 768w, https:\/\/jid.org\/wp-content\/uploads\/2023\/02\/IMG_7449-1-980x1536.jpg 980w, https:\/\/jid.org\/wp-content\/uploads\/2023\/02\/IMG_7449-1.jpg 1000w\" sizes=\"(max-width: 653px) 100vw, 653px\" \/><\/figure>","protected":false},"excerpt":{"rendered":"<p>No dia 16 de fevereiro foi realizada uma reuni\u00e3o h\u00edbrida na qual participaram o Brigadeiro General do Ex\u00e9rcito Peruano, Carlos Manuel Y\u00e1\u00f1ez Lazo, Chefe; Senhor C\u00e9sar Negrete Venegas, Secret\u00e1rio Geral e (pessoalmente) Sra. Melissa Navarro \u00c1ngeles, Assessora de Gest\u00e3o S\u00eanior, do Instituto Nacional de Defesa Civil [\u2026]<\/p>","protected":false},"author":18,"featured_media":36828,"comment_status":"closed","ping_status":"closed","sticky":false,"template":"","format":"standard","meta":{"footnotes":""},"categories":[13],"tags":[],"destacado":[],"class_list":["post-36827","post","type-post","status-publish","format-standard","has-post-thumbnail","hentry","category-noticias"],"_links":{"self":[{"href":"https:\/\/jid.org\/pt\/wp-json\/wp\/v2\/posts\/36827","targetHints":{"allow":["GET"]}}],"collection":[{"href":"https:\/\/jid.org\/pt\/wp-json\/wp\/v2\/posts"}],"about":[{"href":"https:\/\/jid.org\/pt\/wp-json\/wp\/v2\/types\/post"}],"author":[{"embeddable":true,"href":"https:\/\/jid.org\/pt\/wp-json\/wp\/v2\/users\/18"}],"replies":[{"embeddable":true,"href":"https:\/\/jid.org\/pt\/wp-json\/wp\/v2\/comments?post=36827"}],"version-history":[{"count":1,"href":"https:\/\/jid.org\/pt\/wp-json\/wp\/v2\/posts\/36827\/revisions"}],"predecessor-version":[{"id":36833,"href":"https:\/\/jid.org\/pt\/wp-json\/wp\/v2\/posts\/36827\/revisions\/36833"}],"wp:featuredmedia":[{"embeddable":true,"href":"https:\/\/jid.org\/pt\/wp-json\/wp\/v2\/media\/36828"}],"wp:attachment":[{"href":"https:\/\/jid.org\/pt\/wp-json\/wp\/v2\/media?parent=36827"}],"wp:term":[{"taxonomy":"category","embeddable":true,"href":"https:\/\/jid.org\/pt\/wp-json\/wp\/v2\/categories?post=36827"},{"taxonomy":"post_tag","embeddable":true,"href":"https:\/\/jid.org\/pt\/wp-json\/wp\/v2\/tags?post=36827"},{"taxonomy":"destacado","embeddable":true,"href":"https:\/\/jid.org\/pt\/wp-json\/wp\/v2\/destacado?post=36827"}],"curies":[{"name":"wp","href":"https:\/\/api.w.org\/{rel}","templated":true}]}}