{"id":36864,"date":"2023-02-22T11:12:43","date_gmt":"2023-02-22T16:12:43","guid":{"rendered":"https:\/\/opanlcom-cp6.wordpresstemporal.com\/JID\/?p=36864"},"modified":"2023-02-22T11:47:09","modified_gmt":"2023-02-22T16:47:09","slug":"reunion-de-la-fundacion-interamericana-de-defensa-fid-con-texas-am-university","status":"publish","type":"post","link":"https:\/\/jid.org\/pt\/reunion-de-la-fundacion-interamericana-de-defensa-fid-con-texas-am-university\/","title":{"rendered":"Reuni\u00e3o da Funda\u00e7\u00e3o Interamericana de Defesa (FID) com a Texas A&amp;M University"},"content":{"rendered":"<p>No dia 16 de fevereiro foi realizada uma reuni\u00e3o h\u00edbrida na \u201cCasa del Soldado\u201d com a participa\u00e7\u00e3o do Sr. Carlos Calderon (virtualmente), Vice-Almirante Alexandre Rabello de Faria, Sr. Sr. Clark Crook-Castan e os representantes da Texas A&amp;M University, Sr. Ed Brickley e Sr. Anthony Coggiola.<\/p>\n\n\n\n<p>O objetivo do encontro foi estabelecer alian\u00e7as e unir for\u00e7as em um Programa de Capacita\u00e7\u00e3o em Gest\u00e3o de Desastres Naturais em conjunto com o <em>Universidade A&amp;M do Texas<\/em>. Para tanto, foram iniciadas conversas entre o FID e a Universidade sobre a concep\u00e7\u00e3o de um programa piloto relacionado ao tema.<\/p>","protected":false},"excerpt":{"rendered":"<p>No dia 16 de fevereiro foi realizada uma reuni\u00e3o h\u00edbrida na \u201cCasa del Soldado\u201d com a participa\u00e7\u00e3o do Sr. Carlos Calderon (virtualmente), Vice-Almirante Alexandre Rabello de Faria, Sr. Clark Crook-Castan e representantes da Texas A&amp;M University, Sr.<\/p>","protected":false},"author":18,"featured_media":36865,"comment_status":"closed","ping_status":"closed","sticky":false,"template":"","format":"standard","meta":{"footnotes":""},"categories":[13],"tags":[],"destacado":[],"class_list":["post-36864","post","type-post","status-publish","format-standard","has-post-thumbnail","hentry","category-noticias"],"_links":{"self":[{"href":"https:\/\/jid.org\/pt\/wp-json\/wp\/v2\/posts\/36864","targetHints":{"allow":["GET"]}}],"collection":[{"href":"https:\/\/jid.org\/pt\/wp-json\/wp\/v2\/posts"}],"about":[{"href":"https:\/\/jid.org\/pt\/wp-json\/wp\/v2\/types\/post"}],"author":[{"embeddable":true,"href":"https:\/\/jid.org\/pt\/wp-json\/wp\/v2\/users\/18"}],"replies":[{"embeddable":true,"href":"https:\/\/jid.org\/pt\/wp-json\/wp\/v2\/comments?post=36864"}],"version-history":[{"count":4,"href":"https:\/\/jid.org\/pt\/wp-json\/wp\/v2\/posts\/36864\/revisions"}],"predecessor-version":[{"id":36871,"href":"https:\/\/jid.org\/pt\/wp-json\/wp\/v2\/posts\/36864\/revisions\/36871"}],"wp:featuredmedia":[{"embeddable":true,"href":"https:\/\/jid.org\/pt\/wp-json\/wp\/v2\/media\/36865"}],"wp:attachment":[{"href":"https:\/\/jid.org\/pt\/wp-json\/wp\/v2\/media?parent=36864"}],"wp:term":[{"taxonomy":"category","embeddable":true,"href":"https:\/\/jid.org\/pt\/wp-json\/wp\/v2\/categories?post=36864"},{"taxonomy":"post_tag","embeddable":true,"href":"https:\/\/jid.org\/pt\/wp-json\/wp\/v2\/tags?post=36864"},{"taxonomy":"destacado","embeddable":true,"href":"https:\/\/jid.org\/pt\/wp-json\/wp\/v2\/destacado?post=36864"}],"curies":[{"name":"wp","href":"https:\/\/api.w.org\/{rel}","templated":true}]}}