{"id":36881,"date":"2023-02-22T13:50:18","date_gmt":"2023-02-22T18:50:18","guid":{"rendered":"https:\/\/opanlcom-cp6.wordpresstemporal.com\/JID\/?p=36881"},"modified":"2023-02-22T13:50:21","modified_gmt":"2023-02-22T18:50:21","slug":"reunion-de-la-junta-interamericana-de-defensa-jid-con-texas-am-university","status":"publish","type":"post","link":"https:\/\/jid.org\/pt\/reunion-de-la-junta-interamericana-de-defensa-jid-con-texas-am-university\/","title":{"rendered":"Reuni\u00e3o da Junta Interamericana de Defesa (JID) com a Texas A&amp;M University"},"content":{"rendered":"<p>No dia 17 de fevereiro foi realizada uma reuni\u00e3o na \u201cCasa del Soldado\u201d com a participa\u00e7\u00e3o do Vice-Almirante Alexandre Rabello de Faria, Sr. Kevin Haley, Sr. , General de Grupo Jos\u00e9 Rub\u00e9n Montesinos e os representantes da Texas A&amp;M University, Sr. Ed Brickley e Sr. Anthony Coggiola.<\/p>\n\n\n\n<p>O objetivo do encontro foi apresentar o conceito do programa piloto de forma\u00e7\u00e3o em Gest\u00e3o de Desastres Naturais. Esta iniciativa, promovida pela Funda\u00e7\u00e3o Interamericana de Defesa (FID), visa refor\u00e7ar uma base de resposta homog\u00eanea para os pa\u00edses do nosso hemisf\u00e9rio. Durante a reuni\u00e3o, representantes da Texas A&amp;M University demonstraram as capacidades do seu sistema, bem como as suas instala\u00e7\u00f5es avan\u00e7adas.<\/p>","protected":false},"excerpt":{"rendered":"<p>No dia 17 de fevereiro foi realizada uma reuni\u00e3o na \u201cCasa del Soldado\u201d com a participa\u00e7\u00e3o do Vice-Almirante Alexandre Rabello de Faria, Sr. Kevin Haley, Sr. , o General do Grupo Jos\u00e9 Rub\u00e9n Montesinos e o [\u2026]<\/p>","protected":false},"author":18,"featured_media":36882,"comment_status":"closed","ping_status":"closed","sticky":false,"template":"","format":"standard","meta":{"footnotes":""},"categories":[13],"tags":[],"destacado":[],"class_list":["post-36881","post","type-post","status-publish","format-standard","has-post-thumbnail","hentry","category-noticias"],"_links":{"self":[{"href":"https:\/\/jid.org\/pt\/wp-json\/wp\/v2\/posts\/36881","targetHints":{"allow":["GET"]}}],"collection":[{"href":"https:\/\/jid.org\/pt\/wp-json\/wp\/v2\/posts"}],"about":[{"href":"https:\/\/jid.org\/pt\/wp-json\/wp\/v2\/types\/post"}],"author":[{"embeddable":true,"href":"https:\/\/jid.org\/pt\/wp-json\/wp\/v2\/users\/18"}],"replies":[{"embeddable":true,"href":"https:\/\/jid.org\/pt\/wp-json\/wp\/v2\/comments?post=36881"}],"version-history":[{"count":1,"href":"https:\/\/jid.org\/pt\/wp-json\/wp\/v2\/posts\/36881\/revisions"}],"predecessor-version":[{"id":36883,"href":"https:\/\/jid.org\/pt\/wp-json\/wp\/v2\/posts\/36881\/revisions\/36883"}],"wp:featuredmedia":[{"embeddable":true,"href":"https:\/\/jid.org\/pt\/wp-json\/wp\/v2\/media\/36882"}],"wp:attachment":[{"href":"https:\/\/jid.org\/pt\/wp-json\/wp\/v2\/media?parent=36881"}],"wp:term":[{"taxonomy":"category","embeddable":true,"href":"https:\/\/jid.org\/pt\/wp-json\/wp\/v2\/categories?post=36881"},{"taxonomy":"post_tag","embeddable":true,"href":"https:\/\/jid.org\/pt\/wp-json\/wp\/v2\/tags?post=36881"},{"taxonomy":"destacado","embeddable":true,"href":"https:\/\/jid.org\/pt\/wp-json\/wp\/v2\/destacado?post=36881"}],"curies":[{"name":"wp","href":"https:\/\/api.w.org\/{rel}","templated":true}]}}