{"id":36905,"date":"2023-02-23T14:10:57","date_gmt":"2023-02-23T19:10:57","guid":{"rendered":"https:\/\/opanlcom-cp6.wordpresstemporal.com\/JID\/?p=36905"},"modified":"2023-02-23T14:15:16","modified_gmt":"2023-02-23T19:15:16","slug":"visita-de-la-delegacion-del-peru-a-la-junta-interamericana-de-defensa","status":"publish","type":"post","link":"https:\/\/jid.org\/pt\/visita-de-la-delegacion-del-peru-a-la-junta-interamericana-de-defensa\/","title":{"rendered":"Visita da Delega\u00e7\u00e3o do Peru \u00e0 Junta Interamericana de Defesa"},"content":{"rendered":"<p>No dia 21 de fevereiro, a Junta Interamericana de Defesa (BID) teve a honra de receber o General de Divis\u00e3o Carlos Orlando RIOS AGUILAR, Chefe da Delega\u00e7\u00e3o Peruana junto \u00e0 Junta Interamericana de Defesa, Assessor em Assuntos de Seguran\u00e7a Hemisf\u00e9rica e membro da Representa\u00e7\u00e3o Permanente da Peru com a Organiza\u00e7\u00e3o dos Estados Americanos, para uma visita formal de sauda\u00e7\u00e3o ao Presidente do Conselho de Delegados da JID, Vice-Almirante Alexandre RABELLO de Faria, ao Diretor-Geral da Secretaria da JID, Brigadeiro-General Porfirio FUENTES V\u00e9lez, e ao Vice-Presidente Presidente do Conselho de Delegados da JID, General de Brigada N\u00e9stor Daniel ZALAZAR. A reuni\u00e3o foi acompanhada pelo General de Divis\u00e3o FAP Mart\u00edn Davelouis S\u00e1nchez e pelo Capit\u00e3o Francisco V\u00edlchez Castillo, ambos da Delega\u00e7\u00e3o Peruana junto \u00e0 JID.<\/p>\n\n\n\n<figure class=\"wp-block-image size-large\"><img fetchpriority=\"high\" decoding=\"async\" width=\"1024\" height=\"777\" src=\"jid.org\/wp-content\/uploads\/2023\/02\/FOTO-2-7-1024x777.jpg\" alt=\"\" class=\"wp-image-36914\" srcset=\"https:\/\/jid.org\/wp-content\/uploads\/2023\/02\/FOTO-2-7-1024x777.jpg 1024w, https:\/\/jid.org\/wp-content\/uploads\/2023\/02\/FOTO-2-7-300x228.jpg 300w, https:\/\/jid.org\/wp-content\/uploads\/2023\/02\/FOTO-2-7-768x582.jpg 768w, https:\/\/jid.org\/wp-content\/uploads\/2023\/02\/FOTO-2-7.jpg 1300w\" sizes=\"(max-width: 1024px) 100vw, 1024px\" \/><\/figure>","protected":false},"excerpt":{"rendered":"<p>No dia 21 de fevereiro, a Junta Interamericana de Defesa (BID) teve a honra de receber o General de Divis\u00e3o Carlos Orlando RIOS AGUILAR, Chefe da Delega\u00e7\u00e3o Peruana junto \u00e0 Junta Interamericana de Defesa, Assessor em Assuntos de Seguran\u00e7a Hemisf\u00e9rica e membro da Representa\u00e7\u00e3o Permanente da Peru com a Organiza\u00e7\u00e3o dos Estados [\u2026]<\/p>","protected":false},"author":18,"featured_media":36906,"comment_status":"closed","ping_status":"closed","sticky":false,"template":"","format":"standard","meta":{"footnotes":""},"categories":[13],"tags":[],"destacado":[],"class_list":["post-36905","post","type-post","status-publish","format-standard","has-post-thumbnail","hentry","category-noticias"],"_links":{"self":[{"href":"https:\/\/jid.org\/pt\/wp-json\/wp\/v2\/posts\/36905","targetHints":{"allow":["GET"]}}],"collection":[{"href":"https:\/\/jid.org\/pt\/wp-json\/wp\/v2\/posts"}],"about":[{"href":"https:\/\/jid.org\/pt\/wp-json\/wp\/v2\/types\/post"}],"author":[{"embeddable":true,"href":"https:\/\/jid.org\/pt\/wp-json\/wp\/v2\/users\/18"}],"replies":[{"embeddable":true,"href":"https:\/\/jid.org\/pt\/wp-json\/wp\/v2\/comments?post=36905"}],"version-history":[{"count":2,"href":"https:\/\/jid.org\/pt\/wp-json\/wp\/v2\/posts\/36905\/revisions"}],"predecessor-version":[{"id":36915,"href":"https:\/\/jid.org\/pt\/wp-json\/wp\/v2\/posts\/36905\/revisions\/36915"}],"wp:featuredmedia":[{"embeddable":true,"href":"https:\/\/jid.org\/pt\/wp-json\/wp\/v2\/media\/36906"}],"wp:attachment":[{"href":"https:\/\/jid.org\/pt\/wp-json\/wp\/v2\/media?parent=36905"}],"wp:term":[{"taxonomy":"category","embeddable":true,"href":"https:\/\/jid.org\/pt\/wp-json\/wp\/v2\/categories?post=36905"},{"taxonomy":"post_tag","embeddable":true,"href":"https:\/\/jid.org\/pt\/wp-json\/wp\/v2\/tags?post=36905"},{"taxonomy":"destacado","embeddable":true,"href":"https:\/\/jid.org\/pt\/wp-json\/wp\/v2\/destacado?post=36905"}],"curies":[{"name":"wp","href":"https:\/\/api.w.org\/{rel}","templated":true}]}}