{"id":3701,"date":"2019-03-27T09:09:15","date_gmt":"2019-03-27T13:09:15","guid":{"rendered":"https:\/\/opanlcom-cp6.wordpresstemporal.com\/JID\/?p=3701"},"modified":"2019-03-27T15:02:08","modified_gmt":"2019-03-27T19:02:08","slug":"77-aniversario-de-la-junta-interamericana-de-defensa","status":"publish","type":"post","link":"https:\/\/jid.org\/pt\/77-aniversario-de-la-junta-interamericana-de-defensa\/","title":{"rendered":"77\u00ba Anivers\u00e1rio da Junta Interamericana de Defesa"},"content":{"rendered":"<p>A Junta Interamericana de Defesa (JID) enfeita-se com a celebra\u00e7\u00e3o do 77\u00ba anivers\u00e1rio de sua funda\u00e7\u00e3o, hoje, 26 de mar\u00e7o deste ano de 2019, nas instala\u00e7\u00f5es da Casa del Soldado, com a ilustre assist\u00eancia do Presidente do Conselho Permanente da pela Organiza\u00e7\u00e3o dos Estados Americanos (OEA), Embaixador Carlos Alberto Calles, bem como pela Lideran\u00e7a do Conselho, integrado pelo General Luis Rodr\u00edguez Bucio (Presidente do Conselho de Delegados), pelo Major General James Taylor (Diretor do Inter -American College of Defense), pelo Coronel Darren D. Lynn Diretor da Subsecretaria de Servi\u00e7os de Assessoria (SSA) em nome do Diretor Geral da Secretaria da JID e pelo General Carlos Humberto Casta\u00f1eda Nassi (Vice-Presidente do Conselho de Delegados).<\/p>\n<p>Durante o desenvolvimento das atividades festivas, estiveram presentes Representantes Permanentes junto \u00e0 OEA, Embaixadores nos Estados Unidos, Ministros, ex-Membros da Lideran\u00e7a, Delegados e Observadores junto \u00e0 JID, Funcion\u00e1rios Gerais, autoridades e personalidades importantes ligadas a esta entidade da JID. tamb\u00e9m presente. OEA, destacando como nota destacada o an\u00fancio da reincorpora\u00e7\u00e3o do Equador como parte do Conselho de Delegados da JID, atrav\u00e9s do Minist\u00e9rio da Defesa desse pa\u00eds.<\/p>\n<p>&nbsp;<\/p>\n<p><a href=\"https:\/\/drive.google.com\/file\/d\/16ylphGkPKfJxfaNtQFbhwePrWLPMP4UN\/view?usp=sharing\" target=\"_blank\" rel=\"noopener noreferrer nofollow\">Palavras do Presidente do Conselho de Delegados<\/a><\/p>\n<p style=\"text-align: center\">Fotos<\/p>\n<div id='gallery-1' class='gallery galleryid-3701 gallery-columns-2 gallery-size-large'><figure class='gallery-item'>\n\t\t\t<div class='gallery-icon landscape'>\n\t\t\t\t<a href='https:\/\/jid.org\/wp-content\/uploads\/2019\/03\/foto-2.jpg'><img fetchpriority=\"high\" decoding=\"async\" width=\"800\" height=\"445\" src=\"https:\/\/jid.org\/wp-content\/uploads\/2019\/03\/foto-2.jpg\" class=\"attachment-large size-large\" alt=\"\" srcset=\"https:\/\/jid.org\/wp-content\/uploads\/2019\/03\/foto-2.jpg 800w, https:\/\/jid.org\/wp-content\/uploads\/2019\/03\/foto-2-300x167.jpg 300w, https:\/\/jid.org\/wp-content\/uploads\/2019\/03\/foto-2-768x427.jpg 768w\" sizes=\"(max-width: 800px) 100vw, 800px\" \/><\/a>\n\t\t\t<\/div><\/figure><figure class='gallery-item'>\n\t\t\t<div class='gallery-icon landscape'>\n\t\t\t\t<a href='https:\/\/jid.org\/wp-content\/uploads\/2019\/03\/DSC08826.jpg'><img decoding=\"async\" width=\"799\" height=\"445\" src=\"https:\/\/jid.org\/wp-content\/uploads\/2019\/03\/DSC08826.jpg\" class=\"attachment-large size-large\" alt=\"\" srcset=\"https:\/\/jid.org\/wp-content\/uploads\/2019\/03\/DSC08826.jpg 799w, https:\/\/jid.org\/wp-content\/uploads\/2019\/03\/DSC08826-300x167.jpg 300w, https:\/\/jid.org\/wp-content\/uploads\/2019\/03\/DSC08826-768x428.jpg 768w\" sizes=\"(max-width: 799px) 100vw, 799px\" \/><\/a>\n\t\t\t<\/div><\/figure><figure class='gallery-item'>\n\t\t\t<div class='gallery-icon landscape'>\n\t\t\t\t<a href='https:\/\/jid.org\/wp-content\/uploads\/2019\/03\/foto5.jpg'><img decoding=\"async\" width=\"799\" height=\"445\" src=\"https:\/\/jid.org\/wp-content\/uploads\/2019\/03\/foto5.jpg\" class=\"attachment-large size-large\" alt=\"\" srcset=\"https:\/\/jid.org\/wp-content\/uploads\/2019\/03\/foto5.jpg 799w, https:\/\/jid.org\/wp-content\/uploads\/2019\/03\/foto5-300x167.jpg 300w, https:\/\/jid.org\/wp-content\/uploads\/2019\/03\/foto5-768x428.jpg 768w\" sizes=\"(max-width: 799px) 100vw, 799px\" \/><\/a>\n\t\t\t<\/div><\/figure><figure class='gallery-item'>\n\t\t\t<div class='gallery-icon landscape'>\n\t\t\t\t<a href='https:\/\/jid.org\/wp-content\/uploads\/2019\/03\/DSC08765.jpg'><img loading=\"lazy\" decoding=\"async\" width=\"800\" height=\"445\" src=\"https:\/\/jid.org\/wp-content\/uploads\/2019\/03\/DSC08765.jpg\" class=\"attachment-large size-large\" alt=\"\" srcset=\"https:\/\/jid.org\/wp-content\/uploads\/2019\/03\/DSC08765.jpg 800w, https:\/\/jid.org\/wp-content\/uploads\/2019\/03\/DSC08765-300x167.jpg 300w, https:\/\/jid.org\/wp-content\/uploads\/2019\/03\/DSC08765-768x427.jpg 768w\" sizes=\"(max-width: 800px) 100vw, 800px\" \/><\/a>\n\t\t\t<\/div><\/figure><figure class='gallery-item'>\n\t\t\t<div class='gallery-icon landscape'>\n\t\t\t\t<a href='https:\/\/jid.org\/wp-content\/uploads\/2019\/03\/DSC08835.jpg'><img loading=\"lazy\" decoding=\"async\" width=\"800\" height=\"445\" src=\"https:\/\/jid.org\/wp-content\/uploads\/2019\/03\/DSC08835.jpg\" class=\"attachment-large size-large\" alt=\"\" srcset=\"https:\/\/jid.org\/wp-content\/uploads\/2019\/03\/DSC08835.jpg 800w, https:\/\/jid.org\/wp-content\/uploads\/2019\/03\/DSC08835-300x167.jpg 300w, https:\/\/jid.org\/wp-content\/uploads\/2019\/03\/DSC08835-768x427.jpg 768w\" sizes=\"(max-width: 800px) 100vw, 800px\" \/><\/a>\n\t\t\t<\/div><\/figure>\n\t\t<\/div>","protected":false},"excerpt":{"rendered":"<p>A Junta Interamericana de Defesa (JID) enfeita-se com a celebra\u00e7\u00e3o do 77\u00ba anivers\u00e1rio de sua funda\u00e7\u00e3o, hoje, 26 de mar\u00e7o deste ano de 2019, nas instala\u00e7\u00f5es da Casa del Soldado, com a ilustre assist\u00eancia do Presidente do Conselho Permanente da da Organiza\u00e7\u00e3o dos Estados Americanos (OEA), Embaixador Carlos Alberto [\u2026]<\/p>","protected":false},"author":28,"featured_media":3700,"comment_status":"closed","ping_status":"closed","sticky":false,"template":"","format":"standard","meta":{"footnotes":""},"categories":[13],"tags":[],"destacado":[],"class_list":["post-3701","post","type-post","status-publish","format-standard","has-post-thumbnail","hentry","category-noticias"],"_links":{"self":[{"href":"https:\/\/jid.org\/pt\/wp-json\/wp\/v2\/posts\/3701","targetHints":{"allow":["GET"]}}],"collection":[{"href":"https:\/\/jid.org\/pt\/wp-json\/wp\/v2\/posts"}],"about":[{"href":"https:\/\/jid.org\/pt\/wp-json\/wp\/v2\/types\/post"}],"author":[{"embeddable":true,"href":"https:\/\/jid.org\/pt\/wp-json\/wp\/v2\/users\/28"}],"replies":[{"embeddable":true,"href":"https:\/\/jid.org\/pt\/wp-json\/wp\/v2\/comments?post=3701"}],"version-history":[{"count":0,"href":"https:\/\/jid.org\/pt\/wp-json\/wp\/v2\/posts\/3701\/revisions"}],"wp:featuredmedia":[{"embeddable":true,"href":"https:\/\/jid.org\/pt\/wp-json\/wp\/v2\/media\/3700"}],"wp:attachment":[{"href":"https:\/\/jid.org\/pt\/wp-json\/wp\/v2\/media?parent=3701"}],"wp:term":[{"taxonomy":"category","embeddable":true,"href":"https:\/\/jid.org\/pt\/wp-json\/wp\/v2\/categories?post=3701"},{"taxonomy":"post_tag","embeddable":true,"href":"https:\/\/jid.org\/pt\/wp-json\/wp\/v2\/tags?post=3701"},{"taxonomy":"destacado","embeddable":true,"href":"https:\/\/jid.org\/pt\/wp-json\/wp\/v2\/destacado?post=3701"}],"curies":[{"name":"wp","href":"https:\/\/api.w.org\/{rel}","templated":true}]}}