{"id":37033,"date":"2023-03-10T10:29:42","date_gmt":"2023-03-10T15:29:42","guid":{"rendered":"https:\/\/opanlcom-cp6.wordpresstemporal.com\/JID\/?p=37033"},"modified":"2023-03-10T10:29:44","modified_gmt":"2023-03-10T15:29:44","slug":"final-planning-conference-fpc-del-ejercicio-mecodex-2023","status":"publish","type":"post","link":"https:\/\/jid.org\/pt\/final-planning-conference-fpc-del-ejercicio-mecodex-2023\/","title":{"rendered":"Confer\u00eancia Final de Planejamento (FPC) do Ano Fiscal MECODEX 2023"},"content":{"rendered":"<p>No dia 7 de mar\u00e7o, a Junta Interamericana de Defesa (JID) e a Academia Conjunta de Defesa Militar do Equador (ADEMIC) realizaram a Confer\u00eancia Final de Planejamento (FPC) do exerc\u00edcio de coopera\u00e7\u00e3o internacional em desastres e assist\u00eancia humanit\u00e1ria MECODEX 2023, por meio de videoconfer\u00eancia com o apresenta\u00e7\u00e3o do processo de desenvolvimento do exerc\u00edcio.<\/p>\n\n\n\n<p>O exerc\u00edcio MECODEX 2023 acontecer\u00e1 de 8 a 12 de maio de 2023 no campus Sangolqu\u00ed da Universidade das For\u00e7as Armadas-ESPE do Equador. O desenvolvimento e o planejamento est\u00e3o sendo realizados em conjunto e coordenados entre os membros da JID e o Equador.<\/p>\n\n\n\n<p>A confer\u00eancia come\u00e7ou com representantes da JID contextualizando a necessidade de desenvolver o MECODE, que \u00e9 um mecanismo hemisf\u00e9rico para facilitar a coopera\u00e7\u00e3o em ajuda humanit\u00e1ria em casos de desastres, que excedem as capacidades de resposta de um pa\u00eds afetado.<\/p>\n\n\n\n<p>A JID agradeceu \u00e0s organiza\u00e7\u00f5es internacionais e sistemas de coopera\u00e7\u00e3o pelo apoio recebido para o desenvolvimento do MECODE. Posteriormente, o Diretor da ADEMIC-Equador, Coronel EMC Luis Lara Tapia e o Diretor do Exerc\u00edcio Coronel EMC Nelson Gaona S\u00e1nchez apresentaram a forma como ser\u00e1 executado o exerc\u00edcio MECODEX 2023, que faz parte do processo de desenvolvimento do MECODE. Tamb\u00e9m foram apresentados os esfor\u00e7os realizados, as instala\u00e7\u00f5es dispon\u00edveis para o evento e as institui\u00e7\u00f5es de diferentes n\u00edveis do Equador que participar\u00e3o deste exerc\u00edcio.<\/p>\n\n\n\n<p>Representantes da JID, Minist\u00e9rio da Defesa Nacional do Equador, Diretoria de Opera\u00e7\u00f5es do CC.FF.AA participaram da FPC. do Equador, a Academia Conjunta de Defesa Militar (ADEMIC), a Confer\u00eancia de Ministros da Defesa das Am\u00e9ricas (CMDA), o Sistema de Coopera\u00e7\u00e3o entre as For\u00e7as A\u00e9reas Americanas (SICOFAA), a Confer\u00eancia dos Ex\u00e9rcitos Americanos (CEA), a Ag\u00eancia dos Estados Unidos para Desenvolvimento Internacional (USAID), Confer\u00eancia das For\u00e7as Armadas Centro-Americanas (CFAC), Cruz Vermelha Internacional, Centro de Desastres do Pac\u00edfico, Minist\u00e9rio da Defesa do Peru (MINDEF), Instituto Nacional de Defesa Civil (INDECI) do Peru, Representa\u00e7\u00e3o do Peru perante o JID e Escola Brasileira de Defesa (ESD).<\/p>","protected":false},"excerpt":{"rendered":"<p>No dia 7 de mar\u00e7o, a Junta Interamericana de Defesa (JID) e a Academia Conjunta de Defesa Militar do Equador (ADEMIC) realizaram a Confer\u00eancia Final de Planejamento (FPC) do exerc\u00edcio de coopera\u00e7\u00e3o internacional em desastres e assist\u00eancia humanit\u00e1ria MECODEX 2023, por meio de videoconfer\u00eancia com o apresenta\u00e7\u00e3o do processo de desenvolvimento do exerc\u00edcio. O exerc\u00edcio [\u2026]<\/p>","protected":false},"author":18,"featured_media":37035,"comment_status":"closed","ping_status":"closed","sticky":false,"template":"","format":"standard","meta":{"footnotes":""},"categories":[13],"tags":[],"destacado":[],"class_list":["post-37033","post","type-post","status-publish","format-standard","has-post-thumbnail","hentry","category-noticias"],"_links":{"self":[{"href":"https:\/\/jid.org\/pt\/wp-json\/wp\/v2\/posts\/37033","targetHints":{"allow":["GET"]}}],"collection":[{"href":"https:\/\/jid.org\/pt\/wp-json\/wp\/v2\/posts"}],"about":[{"href":"https:\/\/jid.org\/pt\/wp-json\/wp\/v2\/types\/post"}],"author":[{"embeddable":true,"href":"https:\/\/jid.org\/pt\/wp-json\/wp\/v2\/users\/18"}],"replies":[{"embeddable":true,"href":"https:\/\/jid.org\/pt\/wp-json\/wp\/v2\/comments?post=37033"}],"version-history":[{"count":1,"href":"https:\/\/jid.org\/pt\/wp-json\/wp\/v2\/posts\/37033\/revisions"}],"predecessor-version":[{"id":37036,"href":"https:\/\/jid.org\/pt\/wp-json\/wp\/v2\/posts\/37033\/revisions\/37036"}],"wp:featuredmedia":[{"embeddable":true,"href":"https:\/\/jid.org\/pt\/wp-json\/wp\/v2\/media\/37035"}],"wp:attachment":[{"href":"https:\/\/jid.org\/pt\/wp-json\/wp\/v2\/media?parent=37033"}],"wp:term":[{"taxonomy":"category","embeddable":true,"href":"https:\/\/jid.org\/pt\/wp-json\/wp\/v2\/categories?post=37033"},{"taxonomy":"post_tag","embeddable":true,"href":"https:\/\/jid.org\/pt\/wp-json\/wp\/v2\/tags?post=37033"},{"taxonomy":"destacado","embeddable":true,"href":"https:\/\/jid.org\/pt\/wp-json\/wp\/v2\/destacado?post=37033"}],"curies":[{"name":"wp","href":"https:\/\/api.w.org\/{rel}","templated":true}]}}