{"id":37364,"date":"2023-03-30T13:54:28","date_gmt":"2023-03-30T17:54:28","guid":{"rendered":"https:\/\/opanlcom-cp6.wordpresstemporal.com\/JID\/?p=37364"},"modified":"2023-03-30T13:54:30","modified_gmt":"2023-03-30T17:54:30","slug":"consejo-de-delegados-honra-81-anos-de-la-jid","status":"publish","type":"post","link":"https:\/\/jid.org\/pt\/consejo-de-delegados-honra-81-anos-de-la-jid\/","title":{"rendered":"Conselho de Delegados homenageia 81 anos da JID"},"content":{"rendered":"<p>No dia 28 de mar\u00e7o, na Sess\u00e3o Ordin\u00e1ria #1452, o Conselho de Delegados da Junta Interamericana de Defesa (JID) celebrou o 81\u00ba anivers\u00e1rio da organiza\u00e7\u00e3o, fundada em 30 de mar\u00e7o de 1942.<\/p>\n\n\n\n<p>A mais antiga organiza\u00e7\u00e3o multilateral de defesa do mundo, a JID, foi criada durante a Segunda Guerra Mundial, no \u00e2mbito da Terceira Reuni\u00e3o de Consulta dos Ministros das Rela\u00e7\u00f5es Exteriores das 21 Rep\u00fablicas Americanas, realizada no Rio de Janeiro, Brasil, em 28 de janeiro. , 1942, tendo como miss\u00e3o inicial estudar e propor medidas para a defesa do continente, face \u00e0 amea\u00e7a representada pelas pot\u00eancias do Eixo na Segunda Guerra Mundial.<\/p>\n\n\n\n<p>Atualmente, a JID \u00e9 entidade membro da Organiza\u00e7\u00e3o dos Estados Americanos (OEA) e tem como principal objetivo proporcionar a ela e aos seus Estados membros servi\u00e7os de assessoria t\u00e9cnica, assessoria e educa\u00e7\u00e3o em assuntos relacionados com quest\u00f5es militares e de defesa no hemisf\u00e9rio, em a fim de contribuir para o cumprimento da Carta da OEA em seus quatro pilares: Democracia, Direitos Humanos, Seguran\u00e7a e Desenvolvimento, com foco principal no pilar Seguran\u00e7a.<\/p>\n\n\n\n<p>A Junta Interamericana de Defesa completa 81 anos no curso de um desafiador e estimulante processo de renova\u00e7\u00e3o e converg\u00eancia com as tarefas inerentes aos principais desafios que hoje se colocam aos Sistemas de Seguran\u00e7a e Defesa do Hemisf\u00e9rio, em mat\u00e9ria de terrorismo, crime organizado, cat\u00e1strofes naturais, ambiente, ciberseguran\u00e7a e ciberdefesa, mulheres, paz e seguran\u00e7a, direitos humanos e direito humanit\u00e1rio internacional, entre outros.<\/p>\n\n\n\n<p>Al\u00e9m dos representantes das na\u00e7\u00f5es americanas no Conselho de Delegados, participaram o Vice-Almirante Alexandre Rabello de Faria (Brasil), Presidente do Conselho; General de Brigada Porfirio Fuentes V\u00e9lez (M\u00e9xico), Diretor Geral da Secretaria da JID; General de Divis\u00e3o James E. Taylor (Estados Unidos), Diretor do Col\u00e9gio Interamericano de Defesa; e o Embaixador e Representante Permanente do Canad\u00e1 junto \u00e0 OEA, Senhor Hugh Adsett.<\/p>\n\n\n\n<figure class=\"wp-block-image size-large\"><img fetchpriority=\"high\" decoding=\"async\" width=\"1000\" height=\"690\" src=\"jid.org\/wp-content\/uploads\/2023\/03\/FOTO-2-2.jpg\" alt=\"\" class=\"wp-image-37367\" srcset=\"https:\/\/jid.org\/wp-content\/uploads\/2023\/03\/FOTO-2-2.jpg 1000w, https:\/\/jid.org\/wp-content\/uploads\/2023\/03\/FOTO-2-2-300x207.jpg 300w, https:\/\/jid.org\/wp-content\/uploads\/2023\/03\/FOTO-2-2-768x530.jpg 768w, https:\/\/jid.org\/wp-content\/uploads\/2023\/03\/FOTO-2-2-130x90.jpg 130w\" sizes=\"(max-width: 1000px) 100vw, 1000px\" \/><\/figure>","protected":false},"excerpt":{"rendered":"<p>No dia 28 de mar\u00e7o, na Sess\u00e3o Ordin\u00e1ria #1452, o Conselho de Delegados da Junta Interamericana de Defesa (JID) celebrou o 81\u00ba anivers\u00e1rio da organiza\u00e7\u00e3o, fundada em 30 de mar\u00e7o de 1942. A mais antiga organiza\u00e7\u00e3o multilateral de defesa do mundo, a JID foi criado durante a Segunda Guerra Mundial, no \u00e2mbito [\u2026]<\/p>","protected":false},"author":18,"featured_media":37365,"comment_status":"closed","ping_status":"closed","sticky":false,"template":"","format":"standard","meta":{"footnotes":""},"categories":[13],"tags":[],"destacado":[],"class_list":["post-37364","post","type-post","status-publish","format-standard","has-post-thumbnail","hentry","category-noticias"],"_links":{"self":[{"href":"https:\/\/jid.org\/pt\/wp-json\/wp\/v2\/posts\/37364","targetHints":{"allow":["GET"]}}],"collection":[{"href":"https:\/\/jid.org\/pt\/wp-json\/wp\/v2\/posts"}],"about":[{"href":"https:\/\/jid.org\/pt\/wp-json\/wp\/v2\/types\/post"}],"author":[{"embeddable":true,"href":"https:\/\/jid.org\/pt\/wp-json\/wp\/v2\/users\/18"}],"replies":[{"embeddable":true,"href":"https:\/\/jid.org\/pt\/wp-json\/wp\/v2\/comments?post=37364"}],"version-history":[{"count":1,"href":"https:\/\/jid.org\/pt\/wp-json\/wp\/v2\/posts\/37364\/revisions"}],"predecessor-version":[{"id":37368,"href":"https:\/\/jid.org\/pt\/wp-json\/wp\/v2\/posts\/37364\/revisions\/37368"}],"wp:featuredmedia":[{"embeddable":true,"href":"https:\/\/jid.org\/pt\/wp-json\/wp\/v2\/media\/37365"}],"wp:attachment":[{"href":"https:\/\/jid.org\/pt\/wp-json\/wp\/v2\/media?parent=37364"}],"wp:term":[{"taxonomy":"category","embeddable":true,"href":"https:\/\/jid.org\/pt\/wp-json\/wp\/v2\/categories?post=37364"},{"taxonomy":"post_tag","embeddable":true,"href":"https:\/\/jid.org\/pt\/wp-json\/wp\/v2\/tags?post=37364"},{"taxonomy":"destacado","embeddable":true,"href":"https:\/\/jid.org\/pt\/wp-json\/wp\/v2\/destacado?post=37364"}],"curies":[{"name":"wp","href":"https:\/\/api.w.org\/{rel}","templated":true}]}}