{"id":37377,"date":"2023-03-31T10:10:59","date_gmt":"2023-03-31T14:10:59","guid":{"rendered":"https:\/\/opanlcom-cp6.wordpresstemporal.com\/JID\/?p=37377"},"modified":"2023-03-31T10:12:22","modified_gmt":"2023-03-31T14:12:22","slug":"el-30-de-marzo-la-jid-llevo-a-cabo-con-exito-el-1er-desafio-interamericano-de-ciberdefensa","status":"publish","type":"post","link":"https:\/\/jid.org\/pt\/el-30-de-marzo-la-jid-llevo-a-cabo-con-exito-el-1er-desafio-interamericano-de-ciberdefensa\/","title":{"rendered":"Em 30 de mar\u00e7o, a JID realizou com sucesso o 1\u00ba Desafio Interamericano de Defesa Cibern\u00e9tica."},"content":{"rendered":"<p>Do tipo \u201cCapturar a Bandeira\u201d, o desafio contou com mais de 150 participantes, de 15 pa\u00edses diferentes, e foi o primeiro exerc\u00edcio do g\u00e9nero em que todas as equipas jogaram de forma colaborativa, atrav\u00e9s de um \u201cchat\u201d destinado \u00e0 resolu\u00e7\u00e3o conjunta de problemas.<\/p>\n\n\n\n<p>Promover o apoio m\u00fatuo entre as na\u00e7\u00f5es do hemisf\u00e9rio \u00e9 um dos pilares da JID, que trabalha no trabalho coletivo dos pa\u00edses americanos para enfrentar os principais desafios comuns, como a defesa cibern\u00e9tica.<\/p>\n\n\n\n<p>Nesta era digital, a amea\u00e7a representada pelos ataques cibern\u00e9ticos tornou-se uma preocupa\u00e7\u00e3o crescente que afecta indiv\u00edduos, organiza\u00e7\u00f5es e na\u00e7\u00f5es. Ao encerrarmos este primeiro desafio, saudamos todos os participantes, confiantes de que, atrav\u00e9s de esfor\u00e7os coletivos, poderemos construir um hemisf\u00e9rio ainda mais seguro.<\/p>\n\n\n\n<figure class=\"wp-block-image size-large\"><img fetchpriority=\"high\" decoding=\"async\" width=\"1000\" height=\"581\" src=\"jid.org\/wp-content\/uploads\/2023\/03\/FOTO-1-3.jpg\" alt=\"\" class=\"wp-image-37380\" srcset=\"https:\/\/jid.org\/wp-content\/uploads\/2023\/03\/FOTO-1-3.jpg 1000w, https:\/\/jid.org\/wp-content\/uploads\/2023\/03\/FOTO-1-3-300x174.jpg 300w, https:\/\/jid.org\/wp-content\/uploads\/2023\/03\/FOTO-1-3-768x446.jpg 768w\" sizes=\"(max-width: 1000px) 100vw, 1000px\" \/><\/figure>\n\n\n\n<figure class=\"wp-block-image size-large\"><img decoding=\"async\" width=\"500\" height=\"829\" src=\"jid.org\/wp-content\/uploads\/2023\/03\/FOTO-2-5.jpg\" alt=\"\" class=\"wp-image-37381\" srcset=\"https:\/\/jid.org\/wp-content\/uploads\/2023\/03\/FOTO-2-5.jpg 500w, https:\/\/jid.org\/wp-content\/uploads\/2023\/03\/FOTO-2-5-181x300.jpg 181w\" sizes=\"(max-width: 500px) 100vw, 500px\" \/><\/figure>\n\n\n\n<figure class=\"wp-block-image size-large\"><img decoding=\"async\" width=\"1000\" height=\"817\" src=\"jid.org\/wp-content\/uploads\/2023\/03\/FOTO-3-1.jpg\" alt=\"\" class=\"wp-image-37382\" srcset=\"https:\/\/jid.org\/wp-content\/uploads\/2023\/03\/FOTO-3-1.jpg 1000w, https:\/\/jid.org\/wp-content\/uploads\/2023\/03\/FOTO-3-1-300x245.jpg 300w, https:\/\/jid.org\/wp-content\/uploads\/2023\/03\/FOTO-3-1-768x627.jpg 768w\" sizes=\"(max-width: 1000px) 100vw, 1000px\" \/><\/figure>","protected":false},"excerpt":{"rendered":"<p>Do tipo \u201cCapturar a Bandeira\u201d, o desafio contou com mais de 150 participantes, de 15 pa\u00edses diferentes, e foi o primeiro exerc\u00edcio do g\u00e9nero em que todas as equipas jogaram de forma colaborativa, atrav\u00e9s de um \u201cchat\u201d destinado \u00e0 resolu\u00e7\u00e3o conjunta de problemas. Promover o apoio m\u00fatuo entre as na\u00e7\u00f5es do [...]<\/p>","protected":false},"author":18,"featured_media":37378,"comment_status":"closed","ping_status":"closed","sticky":false,"template":"","format":"standard","meta":{"footnotes":""},"categories":[13],"tags":[],"destacado":[],"class_list":["post-37377","post","type-post","status-publish","format-standard","has-post-thumbnail","hentry","category-noticias"],"_links":{"self":[{"href":"https:\/\/jid.org\/pt\/wp-json\/wp\/v2\/posts\/37377","targetHints":{"allow":["GET"]}}],"collection":[{"href":"https:\/\/jid.org\/pt\/wp-json\/wp\/v2\/posts"}],"about":[{"href":"https:\/\/jid.org\/pt\/wp-json\/wp\/v2\/types\/post"}],"author":[{"embeddable":true,"href":"https:\/\/jid.org\/pt\/wp-json\/wp\/v2\/users\/18"}],"replies":[{"embeddable":true,"href":"https:\/\/jid.org\/pt\/wp-json\/wp\/v2\/comments?post=37377"}],"version-history":[{"count":2,"href":"https:\/\/jid.org\/pt\/wp-json\/wp\/v2\/posts\/37377\/revisions"}],"predecessor-version":[{"id":37384,"href":"https:\/\/jid.org\/pt\/wp-json\/wp\/v2\/posts\/37377\/revisions\/37384"}],"wp:featuredmedia":[{"embeddable":true,"href":"https:\/\/jid.org\/pt\/wp-json\/wp\/v2\/media\/37378"}],"wp:attachment":[{"href":"https:\/\/jid.org\/pt\/wp-json\/wp\/v2\/media?parent=37377"}],"wp:term":[{"taxonomy":"category","embeddable":true,"href":"https:\/\/jid.org\/pt\/wp-json\/wp\/v2\/categories?post=37377"},{"taxonomy":"post_tag","embeddable":true,"href":"https:\/\/jid.org\/pt\/wp-json\/wp\/v2\/tags?post=37377"},{"taxonomy":"destacado","embeddable":true,"href":"https:\/\/jid.org\/pt\/wp-json\/wp\/v2\/destacado?post=37377"}],"curies":[{"name":"wp","href":"https:\/\/api.w.org\/{rel}","templated":true}]}}