{"id":37397,"date":"2023-03-31T11:06:28","date_gmt":"2023-03-31T15:06:28","guid":{"rendered":"https:\/\/opanlcom-cp6.wordpresstemporal.com\/JID\/?p=37397"},"modified":"2023-03-31T11:06:30","modified_gmt":"2023-03-31T15:06:30","slug":"ministro-de-defensa-y-embajador-de-uruguay-ante-la-oea-visitan-casa-do-soldado","status":"publish","type":"post","link":"https:\/\/jid.org\/pt\/ministro-de-defensa-y-embajador-de-uruguay-ante-la-oea-visitan-casa-do-soldado\/","title":{"rendered":"Ministro da Defesa e Embaixador do Uruguai junto \u00e0 OEA visita Casa do Soldado"},"content":{"rendered":"<p>No dia 29 de mar\u00e7o, a Junta Interamericana de Defesa (JID) recebeu a visita do Ministro da Defesa do Uruguai, Javier Garc\u00eda, acompanhado do Embaixador do Uruguai nos Estados Unidos, Andr\u00e9s Dur\u00e1n e do Chefe do Estado-Maior da Defesa, General de o Ar Rodolfo Pereyra.<\/p>\n\n\n\n<p>Na ocasi\u00e3o, os visitantes acompanharam uma breve apresenta\u00e7\u00e3o sobre a estrutura e principais atividades desenvolvidas atualmente no \u00e2mbito da Junta Interamericana de Defesa, nas \u00e1reas t\u00e9cnica e acad\u00eamica, em apoio \u00e0s a\u00e7\u00f5es de defesa e seguran\u00e7a dos pa\u00edses do hemisf\u00e9rio, como preven\u00e7\u00e3o de desastres, seguran\u00e7a cibern\u00e9tica, desminagem humanit\u00e1ria, prote\u00e7\u00e3o ambiental, combate a crimes transnacionais e seguran\u00e7a mar\u00edtima.<\/p>\n\n\n\n<p>O encontro representou uma excelente oportunidade para estreitar os la\u00e7os entre os membros da JID e os representantes da Rep\u00fablica Oriental do Uruguai, importante pa\u00eds sul-americano que det\u00e9m o status de membro fundador da Junta Interamericana de Defesa e da Organiza\u00e7\u00e3o dos Estados Americanos . (OEA).<\/p>\n\n\n\n<p>Na Casa do Soldado, os visitantes foram recebidos pelo Vice-Almirante Alexandre Rabello de Faria (Brasil), Presidente do Conselho de Delegados da JID, Brigadeiro General Porfirio Fuentes V\u00e9lez (M\u00e9xico), Diretor Geral da Secretaria, e Major General James E. Taylor (Estados Unidos), Diretor do Col\u00e9gio Interamericano de Defesa.<\/p>\n\n\n\n<figure class=\"wp-block-image size-large\"><img fetchpriority=\"high\" decoding=\"async\" width=\"719\" height=\"1024\" src=\"jid.org\/wp-content\/uploads\/2023\/03\/FOTO-1-6-719x1024.jpg\" alt=\"\" class=\"wp-image-37399\" srcset=\"https:\/\/jid.org\/wp-content\/uploads\/2023\/03\/FOTO-1-6-719x1024.jpg 719w, https:\/\/jid.org\/wp-content\/uploads\/2023\/03\/FOTO-1-6-211x300.jpg 211w, https:\/\/jid.org\/wp-content\/uploads\/2023\/03\/FOTO-1-6-768x1094.jpg 768w, https:\/\/jid.org\/wp-content\/uploads\/2023\/03\/FOTO-1-6.jpg 1000w\" sizes=\"(max-width: 719px) 100vw, 719px\" \/><\/figure>\n\n\n\n<figure class=\"wp-block-image size-large\"><img decoding=\"async\" width=\"768\" height=\"1024\" src=\"jid.org\/wp-content\/uploads\/2023\/03\/FOTO-2--768x1024.jpg\" alt=\"\" class=\"wp-image-37400\" srcset=\"https:\/\/jid.org\/wp-content\/uploads\/2023\/03\/FOTO-2--768x1024.jpg 768w, https:\/\/jid.org\/wp-content\/uploads\/2023\/03\/FOTO-2--225x300.jpg 225w, https:\/\/jid.org\/wp-content\/uploads\/2023\/03\/FOTO-2-.jpg 1000w\" sizes=\"(max-width: 768px) 100vw, 768px\" \/><\/figure>\n\n\n\n<figure class=\"wp-block-image size-large\"><img decoding=\"async\" width=\"1000\" height=\"750\" src=\"jid.org\/wp-content\/uploads\/2023\/03\/FOTO-3-4.jpg\" alt=\"\" class=\"wp-image-37401\" srcset=\"https:\/\/jid.org\/wp-content\/uploads\/2023\/03\/FOTO-3-4.jpg 1000w, https:\/\/jid.org\/wp-content\/uploads\/2023\/03\/FOTO-3-4-300x225.jpg 300w, https:\/\/jid.org\/wp-content\/uploads\/2023\/03\/FOTO-3-4-768x576.jpg 768w\" sizes=\"(max-width: 1000px) 100vw, 1000px\" \/><\/figure>\n\n\n\n<figure class=\"wp-block-image size-large\"><img loading=\"lazy\" decoding=\"async\" width=\"1000\" height=\"750\" src=\"jid.org\/wp-content\/uploads\/2023\/03\/FOTO-4.jpg\" alt=\"\" class=\"wp-image-37402\" srcset=\"https:\/\/jid.org\/wp-content\/uploads\/2023\/03\/FOTO-4.jpg 1000w, https:\/\/jid.org\/wp-content\/uploads\/2023\/03\/FOTO-4-300x225.jpg 300w, https:\/\/jid.org\/wp-content\/uploads\/2023\/03\/FOTO-4-768x576.jpg 768w\" sizes=\"(max-width: 1000px) 100vw, 1000px\" \/><\/figure>","protected":false},"excerpt":{"rendered":"<p>No dia 29 de mar\u00e7o, a Junta Interamericana de Defesa (JID) recebeu a visita do Ministro da Defesa do Uruguai, Javier Garc\u00eda, acompanhado do Embaixador do Uruguai nos Estados Unidos, Andr\u00e9s Dur\u00e1n e do Chefe do Estado-Maior da Defesa, General de o Ar Rodolfo Pereyra. Na ocasi\u00e3o, os visitantes acompanharam uma breve apresenta\u00e7\u00e3o sobre [\u2026]<\/p>","protected":false},"author":18,"featured_media":37398,"comment_status":"closed","ping_status":"closed","sticky":false,"template":"","format":"standard","meta":{"footnotes":""},"categories":[13],"tags":[],"destacado":[],"class_list":["post-37397","post","type-post","status-publish","format-standard","has-post-thumbnail","hentry","category-noticias"],"_links":{"self":[{"href":"https:\/\/jid.org\/pt\/wp-json\/wp\/v2\/posts\/37397","targetHints":{"allow":["GET"]}}],"collection":[{"href":"https:\/\/jid.org\/pt\/wp-json\/wp\/v2\/posts"}],"about":[{"href":"https:\/\/jid.org\/pt\/wp-json\/wp\/v2\/types\/post"}],"author":[{"embeddable":true,"href":"https:\/\/jid.org\/pt\/wp-json\/wp\/v2\/users\/18"}],"replies":[{"embeddable":true,"href":"https:\/\/jid.org\/pt\/wp-json\/wp\/v2\/comments?post=37397"}],"version-history":[{"count":1,"href":"https:\/\/jid.org\/pt\/wp-json\/wp\/v2\/posts\/37397\/revisions"}],"predecessor-version":[{"id":37403,"href":"https:\/\/jid.org\/pt\/wp-json\/wp\/v2\/posts\/37397\/revisions\/37403"}],"wp:featuredmedia":[{"embeddable":true,"href":"https:\/\/jid.org\/pt\/wp-json\/wp\/v2\/media\/37398"}],"wp:attachment":[{"href":"https:\/\/jid.org\/pt\/wp-json\/wp\/v2\/media?parent=37397"}],"wp:term":[{"taxonomy":"category","embeddable":true,"href":"https:\/\/jid.org\/pt\/wp-json\/wp\/v2\/categories?post=37397"},{"taxonomy":"post_tag","embeddable":true,"href":"https:\/\/jid.org\/pt\/wp-json\/wp\/v2\/tags?post=37397"},{"taxonomy":"destacado","embeddable":true,"href":"https:\/\/jid.org\/pt\/wp-json\/wp\/v2\/destacado?post=37397"}],"curies":[{"name":"wp","href":"https:\/\/api.w.org\/{rel}","templated":true}]}}