{"id":37574,"date":"2023-04-14T10:11:37","date_gmt":"2023-04-14T14:11:37","guid":{"rendered":"https:\/\/opanlcom-cp6.wordpresstemporal.com\/JID\/?p=37574"},"modified":"2023-04-14T10:52:44","modified_gmt":"2023-04-14T14:52:44","slug":"jid-expuso-mecode-en-seminario-de-emergencias-y-desastres","status":"publish","type":"post","link":"https:\/\/jid.org\/pt\/jid-expuso-mecode-en-seminario-de-emergencias-y-desastres\/","title":{"rendered":"JID EXIBIDO MECODE NO SEMIN\u00c1RIO DE EMERG\u00caNCIAS E DESASTRES"},"content":{"rendered":"<p>Em 12 de abril de 2023, como parte das apresenta\u00e7\u00f5es previstas para o \u201cSEMIN\u00c1RIO SOBRE EMERG\u00caNCIAS COMPLEXAS E DESASTRES DE GRANDE ESCALA\u201d, organizado pelo Col\u00e9gio Interamericano de Defesa, o Crnl. Ivan L. Siqueira, Chefe da Divis\u00e3o de Gest\u00e3o de Risco de Desastres, ministrou ao p\u00fablico uma palestra sobre o Mecanismo de Coopera\u00e7\u00e3o em Desastres (MECODE).<\/p>\n\n\n\n<p>Detalhou a import\u00e2ncia do multilateralismo e os antecedentes do MECODE, mecanismo no qual a JID cumpre as fun\u00e7\u00f5es de Secretaria Permanente, de acordo com as atribui\u00e7\u00f5es outorgadas pelo Conselho de Ministros da Defesa das Am\u00e9ricas (CMDA), na Declara\u00e7\u00e3o de Santiago. (XIV CMDA \u2013 2020), ratificada na Declara\u00e7\u00e3o de Bras\u00edlia (XV CMDA \u2013 2022).<\/p>\n\n\n\n<p>Neste quadro, foi apresentado o processo previsto para desenvolver e validar o mecanismo, atrav\u00e9s da execu\u00e7\u00e3o dos exerc\u00edcios MECODEX 2022, realizados pelo BID, aos n\u00edveis estrat\u00e9gico-operacionais com pessoal pr\u00f3prio e com os Pontos de Contacto estabelecidos para o efeito. , e o exerc\u00edcio de aplica\u00e7\u00e3o t\u00e1tico-operacional MECODEX 2023, desenvolvido em colabora\u00e7\u00e3o entre a JID e as For\u00e7as Armadas do Equador, que ser\u00e1 realizado no m\u00eas de maio de 2023, nas instala\u00e7\u00f5es da Academia Conjunta de Defesa Militar do Equador (ADEMIC). ), considerando o cen\u00e1rio de um evento catastr\u00f3fico, com graves repercuss\u00f5es para a popula\u00e7\u00e3o, e efeitos que ultrapassam a capacidade de resposta do pa\u00eds afetado, raz\u00e3o pela qual \u00e9 necess\u00e1rio o apoio humanit\u00e1rio internacional gerido atrav\u00e9s do MECODE.<\/p>\n\n\n\n<p>O objectivo final do MECODE \u00e9 ter um sistema \u00e1gil e eficiente que permita a colabora\u00e7\u00e3o internacional entre pa\u00edses e organiza\u00e7\u00f5es existentes em benef\u00edcio da popula\u00e7\u00e3o dos pa\u00edses afectados por cat\u00e1strofes.<\/p>\n\n\n\n<figure class=\"wp-block-image size-large\"><img fetchpriority=\"high\" decoding=\"async\" width=\"1024\" height=\"576\" src=\"jid.org\/wp-content\/uploads\/2023\/04\/FOTO-1-3-1024x576.jpg\" alt=\"\" class=\"wp-image-37576\" srcset=\"https:\/\/jid.org\/wp-content\/uploads\/2023\/04\/FOTO-1-3-1024x576.jpg 1024w, https:\/\/jid.org\/wp-content\/uploads\/2023\/04\/FOTO-1-3-300x169.jpg 300w, https:\/\/jid.org\/wp-content\/uploads\/2023\/04\/FOTO-1-3-768x432.jpg 768w, https:\/\/jid.org\/wp-content\/uploads\/2023\/04\/FOTO-1-3.jpg 1280w\" sizes=\"(max-width: 1024px) 100vw, 1024px\" \/><\/figure>","protected":false},"excerpt":{"rendered":"<p>Em 12 de abril de 2023, como parte das apresenta\u00e7\u00f5es previstas para o \u201cSEMIN\u00c1RIO SOBRE EMERG\u00caNCIAS COMPLEXAS E DESASTRES DE GRANDE ESCALA\u201d, organizado pelo Col\u00e9gio Interamericano de Defesa, o Crnl. Ivan L. Siqueira, Chefe da Divis\u00e3o de Gest\u00e3o de Risco de Desastres, apresentou ao p\u00fablico uma confer\u00eancia sobre o Mecanismo de Coopera\u00e7\u00e3o [\u2026]<\/p>","protected":false},"author":18,"featured_media":37575,"comment_status":"closed","ping_status":"closed","sticky":false,"template":"","format":"standard","meta":{"footnotes":""},"categories":[13],"tags":[],"destacado":[],"class_list":["post-37574","post","type-post","status-publish","format-standard","has-post-thumbnail","hentry","category-noticias"],"_links":{"self":[{"href":"https:\/\/jid.org\/pt\/wp-json\/wp\/v2\/posts\/37574","targetHints":{"allow":["GET"]}}],"collection":[{"href":"https:\/\/jid.org\/pt\/wp-json\/wp\/v2\/posts"}],"about":[{"href":"https:\/\/jid.org\/pt\/wp-json\/wp\/v2\/types\/post"}],"author":[{"embeddable":true,"href":"https:\/\/jid.org\/pt\/wp-json\/wp\/v2\/users\/18"}],"replies":[{"embeddable":true,"href":"https:\/\/jid.org\/pt\/wp-json\/wp\/v2\/comments?post=37574"}],"version-history":[{"count":2,"href":"https:\/\/jid.org\/pt\/wp-json\/wp\/v2\/posts\/37574\/revisions"}],"predecessor-version":[{"id":37587,"href":"https:\/\/jid.org\/pt\/wp-json\/wp\/v2\/posts\/37574\/revisions\/37587"}],"wp:featuredmedia":[{"embeddable":true,"href":"https:\/\/jid.org\/pt\/wp-json\/wp\/v2\/media\/37575"}],"wp:attachment":[{"href":"https:\/\/jid.org\/pt\/wp-json\/wp\/v2\/media?parent=37574"}],"wp:term":[{"taxonomy":"category","embeddable":true,"href":"https:\/\/jid.org\/pt\/wp-json\/wp\/v2\/categories?post=37574"},{"taxonomy":"post_tag","embeddable":true,"href":"https:\/\/jid.org\/pt\/wp-json\/wp\/v2\/tags?post=37574"},{"taxonomy":"destacado","embeddable":true,"href":"https:\/\/jid.org\/pt\/wp-json\/wp\/v2\/destacado?post=37574"}],"curies":[{"name":"wp","href":"https:\/\/api.w.org\/{rel}","templated":true}]}}