{"id":37730,"date":"2023-04-21T09:20:41","date_gmt":"2023-04-21T13:20:41","guid":{"rendered":"https:\/\/opanlcom-cp6.wordpresstemporal.com\/JID\/?p=37730"},"modified":"2023-04-21T09:37:57","modified_gmt":"2023-04-21T13:37:57","slug":"representantes-de-la-jid-participan-en-taller-implicaciones-estrategicas-para-la-agenda-de-mujeres-paz-y-seguridad","status":"publish","type":"post","link":"https:\/\/jid.org\/pt\/representantes-de-la-jid-participan-en-taller-implicaciones-estrategicas-para-la-agenda-de-mujeres-paz-y-seguridad\/","title":{"rendered":"Representantes da JID participam do Workshop \u201cImplica\u00e7\u00f5es Estrat\u00e9gicas para a Agenda da Mulher, da Paz e da Seguran\u00e7a\u201d."},"content":{"rendered":"<p>Entre os dias 12 e 14 de abril, militares da Junta Interamericana de Defesa participaram do workshop \u201cImplica\u00e7\u00f5es Estrat\u00e9gicas para a Agenda das Mulheres, da Paz e da Seguran\u00e7a\u201d, realizado pelo Centro William J. Perry de Estudos de Defesa Hemisf\u00e9rica, que enfocou a necessidade de desenvolver pol\u00edticas que visem a participa\u00e7\u00e3o significativa das mulheres nas actividades de seguran\u00e7a e defesa. Os participantes inclu\u00edram militares e civis de 13 pa\u00edses das Am\u00e9ricas.<\/p>\n\n\n\n<p>Foram convidadas para o evento a Chefe da Se\u00e7\u00e3o Mulher, Paz e Seguran\u00e7a (MPS) da JID, Tenente Comandante Taryn Senez (Brasil), e a Tenente Comandante Alexa Pereyra (Peru), Oficial de Protocolo da JID, que atuou como palestrante no \u00e2mbito do tema \u201cIntegra\u00e7\u00e3o de G\u00e9nero nas For\u00e7as Armadas\u201d. Tamb\u00e9m falando, o Vice-Almirante Alexandre Rabello de Faria, Presidente do Conselho de Delegados da Junta Interamericana de Defesa, falou sobre o tema \u201cPapel da lideran\u00e7a na agenda da Mulher, da Paz e da Seguran\u00e7a\u201d.<\/p>\n\n\n\n<p>O William J. Perry Center \u00e9 uma institui\u00e7\u00e3o do Departamento de Defesa dos Estados Unidos para estudos de defesa e seguran\u00e7a no Hemisf\u00e9rio Ocidental. Atrav\u00e9s de cursos, semin\u00e1rios, divulga\u00e7\u00e3o, di\u00e1logo estrat\u00e9gico e investiga\u00e7\u00e3o, o Centro Perry trabalha com altos funcion\u00e1rios civis e militares nas Am\u00e9ricas para construir redes fortes e sustent\u00e1veis de l\u00edderes e institui\u00e7\u00f5es de seguran\u00e7a e defesa.<\/p>\n\n\n\n<figure class=\"wp-block-image size-large\"><img fetchpriority=\"high\" decoding=\"async\" width=\"1013\" height=\"696\" src=\"jid.org\/wp-content\/uploads\/2023\/04\/FOTO-1-9.jpg\" alt=\"\" class=\"wp-image-37732\" srcset=\"https:\/\/jid.org\/wp-content\/uploads\/2023\/04\/FOTO-1-9.jpg 1013w, https:\/\/jid.org\/wp-content\/uploads\/2023\/04\/FOTO-1-9-300x206.jpg 300w, https:\/\/jid.org\/wp-content\/uploads\/2023\/04\/FOTO-1-9-768x528.jpg 768w, https:\/\/jid.org\/wp-content\/uploads\/2023\/04\/FOTO-1-9-130x90.jpg 130w\" sizes=\"(max-width: 1013px) 100vw, 1013px\" \/><\/figure>\n\n\n\n<figure class=\"wp-block-image size-large\"><img decoding=\"async\" width=\"732\" height=\"550\" src=\"jid.org\/wp-content\/uploads\/2023\/04\/FOTO-2-9.jpg\" alt=\"\" class=\"wp-image-37733\" srcset=\"https:\/\/jid.org\/wp-content\/uploads\/2023\/04\/FOTO-2-9.jpg 732w, https:\/\/jid.org\/wp-content\/uploads\/2023\/04\/FOTO-2-9-300x225.jpg 300w\" sizes=\"(max-width: 732px) 100vw, 732px\" \/><\/figure>\n\n\n\n<figure class=\"wp-block-image size-large\"><img decoding=\"async\" width=\"1024\" height=\"797\" src=\"jid.org\/wp-content\/uploads\/2023\/04\/FOTO-3-8.jpg\" alt=\"\" class=\"wp-image-37734\" srcset=\"https:\/\/jid.org\/wp-content\/uploads\/2023\/04\/FOTO-3-8.jpg 1024w, https:\/\/jid.org\/wp-content\/uploads\/2023\/04\/FOTO-3-8-300x233.jpg 300w, https:\/\/jid.org\/wp-content\/uploads\/2023\/04\/FOTO-3-8-768x598.jpg 768w\" sizes=\"(max-width: 1024px) 100vw, 1024px\" \/><\/figure>","protected":false},"excerpt":{"rendered":"<p>Entre os dias 12 e 14 de abril, militares da Junta Interamericana de Defesa participaram do workshop \u201cImplica\u00e7\u00f5es Estrat\u00e9gicas para a Agenda das Mulheres, da Paz e da Seguran\u00e7a\u201d, realizado pelo Centro William J. Perry de Estudos de Defesa Hemisf\u00e9rica, que enfocou a necessidade de desenvolver pol\u00edticas destinadas a uma participa\u00e7\u00e3o significativa [...]<\/p>","protected":false},"author":18,"featured_media":37731,"comment_status":"closed","ping_status":"closed","sticky":false,"template":"","format":"standard","meta":{"footnotes":""},"categories":[13],"tags":[],"destacado":[],"class_list":["post-37730","post","type-post","status-publish","format-standard","has-post-thumbnail","hentry","category-noticias"],"_links":{"self":[{"href":"https:\/\/jid.org\/pt\/wp-json\/wp\/v2\/posts\/37730","targetHints":{"allow":["GET"]}}],"collection":[{"href":"https:\/\/jid.org\/pt\/wp-json\/wp\/v2\/posts"}],"about":[{"href":"https:\/\/jid.org\/pt\/wp-json\/wp\/v2\/types\/post"}],"author":[{"embeddable":true,"href":"https:\/\/jid.org\/pt\/wp-json\/wp\/v2\/users\/18"}],"replies":[{"embeddable":true,"href":"https:\/\/jid.org\/pt\/wp-json\/wp\/v2\/comments?post=37730"}],"version-history":[{"count":5,"href":"https:\/\/jid.org\/pt\/wp-json\/wp\/v2\/posts\/37730\/revisions"}],"predecessor-version":[{"id":37757,"href":"https:\/\/jid.org\/pt\/wp-json\/wp\/v2\/posts\/37730\/revisions\/37757"}],"wp:featuredmedia":[{"embeddable":true,"href":"https:\/\/jid.org\/pt\/wp-json\/wp\/v2\/media\/37731"}],"wp:attachment":[{"href":"https:\/\/jid.org\/pt\/wp-json\/wp\/v2\/media?parent=37730"}],"wp:term":[{"taxonomy":"category","embeddable":true,"href":"https:\/\/jid.org\/pt\/wp-json\/wp\/v2\/categories?post=37730"},{"taxonomy":"post_tag","embeddable":true,"href":"https:\/\/jid.org\/pt\/wp-json\/wp\/v2\/tags?post=37730"},{"taxonomy":"destacado","embeddable":true,"href":"https:\/\/jid.org\/pt\/wp-json\/wp\/v2\/destacado?post=37730"}],"curies":[{"name":"wp","href":"https:\/\/api.w.org\/{rel}","templated":true}]}}