{"id":37805,"date":"2023-04-26T08:15:33","date_gmt":"2023-04-26T12:15:33","guid":{"rendered":"https:\/\/opanlcom-cp6.wordpresstemporal.com\/JID\/?p=37805"},"modified":"2023-04-26T08:17:55","modified_gmt":"2023-04-26T12:17:55","slug":"ejercicio-2023","status":"publish","type":"post","link":"https:\/\/jid.org\/pt\/ejercicio-2023\/","title":{"rendered":"MECODEX 2023"},"content":{"rendered":"<p>O exerc\u00edcio de aplica\u00e7\u00e3o t\u00e1tico-operacional MECODEX 2023, desenvolvido em colabora\u00e7\u00e3o entre a JID e as For\u00e7as Armadas do Equador, ser\u00e1 realizado no m\u00eas de maio de 2023, nas instala\u00e7\u00f5es da Academia Conjunta de Defesa Militar do Equador (ADEMIC), considerando o cen\u00e1rio de um acontecimento catastr\u00f3fico, com graves repercuss\u00f5es para a popula\u00e7\u00e3o, e efeitos que ultrapassam a capacidade de resposta do pa\u00eds afectado, raz\u00e3o pela qual \u00e9 necess\u00e1rio o apoio humanit\u00e1rio internacional gerido atrav\u00e9s do MECODE.<\/p>\n\n\n\n<p>O MECODE\/CMDA \u00e9 conceptualizado como um instrumento complementar e volunt\u00e1rio de coopera\u00e7\u00e3o civil e militar para a assist\u00eancia relacionada com a resposta a cat\u00e1strofes, que respeita a soberania de cada na\u00e7\u00e3o e tem como principal objectivo a colabora\u00e7\u00e3o e maior efici\u00eancia dos envolvidos nas ac\u00e7\u00f5es de assist\u00eancia humanit\u00e1ria. , por meio da troca de informa\u00e7\u00f5es confi\u00e1veis, atualizadas e urgentes, baseadas em processos e subprocessos que incluem mensagens padronizadas, fluxo de informa\u00e7\u00f5es pr\u00e9-estabelecido e mapa situacional para fins de conhecimento situacional e processo de tomada de decis\u00e3o. as autoridades envolvidas.<\/p>","protected":false},"excerpt":{"rendered":"<p>O exerc\u00edcio de aplica\u00e7\u00e3o t\u00e1tico-operacional MECODEX 2023, desenvolvido em colabora\u00e7\u00e3o entre a JID e as For\u00e7as Armadas do Equador, ser\u00e1 realizado no m\u00eas de maio de 2023, nas instala\u00e7\u00f5es da Academia Conjunta de Defesa Militar do Equador (ADEMIC), considerando cen\u00e1rio de um acontecimento catastr\u00f3fico, com graves repercuss\u00f5es para a popula\u00e7\u00e3o, e [\u2026]<\/p>","protected":false},"author":18,"featured_media":37801,"comment_status":"closed","ping_status":"closed","sticky":false,"template":"","format":"standard","meta":{"footnotes":""},"categories":[13],"tags":[],"destacado":[],"class_list":["post-37805","post","type-post","status-publish","format-standard","has-post-thumbnail","hentry","category-noticias"],"_links":{"self":[{"href":"https:\/\/jid.org\/pt\/wp-json\/wp\/v2\/posts\/37805","targetHints":{"allow":["GET"]}}],"collection":[{"href":"https:\/\/jid.org\/pt\/wp-json\/wp\/v2\/posts"}],"about":[{"href":"https:\/\/jid.org\/pt\/wp-json\/wp\/v2\/types\/post"}],"author":[{"embeddable":true,"href":"https:\/\/jid.org\/pt\/wp-json\/wp\/v2\/users\/18"}],"replies":[{"embeddable":true,"href":"https:\/\/jid.org\/pt\/wp-json\/wp\/v2\/comments?post=37805"}],"version-history":[{"count":2,"href":"https:\/\/jid.org\/pt\/wp-json\/wp\/v2\/posts\/37805\/revisions"}],"predecessor-version":[{"id":37807,"href":"https:\/\/jid.org\/pt\/wp-json\/wp\/v2\/posts\/37805\/revisions\/37807"}],"wp:featuredmedia":[{"embeddable":true,"href":"https:\/\/jid.org\/pt\/wp-json\/wp\/v2\/media\/37801"}],"wp:attachment":[{"href":"https:\/\/jid.org\/pt\/wp-json\/wp\/v2\/media?parent=37805"}],"wp:term":[{"taxonomy":"category","embeddable":true,"href":"https:\/\/jid.org\/pt\/wp-json\/wp\/v2\/categories?post=37805"},{"taxonomy":"post_tag","embeddable":true,"href":"https:\/\/jid.org\/pt\/wp-json\/wp\/v2\/tags?post=37805"},{"taxonomy":"destacado","embeddable":true,"href":"https:\/\/jid.org\/pt\/wp-json\/wp\/v2\/destacado?post=37805"}],"curies":[{"name":"wp","href":"https:\/\/api.w.org\/{rel}","templated":true}]}}